{"id":131319,"date":"2021-05-19T12:45:06","date_gmt":"2021-05-19T16:45:06","guid":{"rendered":"https:\/\/www.prwrestling.com\/nw\/?p=131319"},"modified":"2021-05-19T12:45:06","modified_gmt":"2021-05-19T16:45:06","slug":"aew-dynamite-se-movera-a-tbs-anuncian-nuevo-show","status":"publish","type":"post","link":"https:\/\/www.prwrestling.com\/nw\/aew-dynamite-se-movera-a-tbs-anuncian-nuevo-show\/","title":{"rendered":"AEW Dynamite se mover\u00e1 a TBS; Anuncian nuevo show"},"content":{"rendered":"<p>El presidente, director ejecutivo, director general y director creativo de AEW, Tony Khan, apareci\u00f3 en Busted Open Radio esta ma\u00f1ana y anunci\u00f3 un nuevo acuerdo con WarnerMedia.<!--more--><div id=\"ad-slot\" style=\"min-width: 300px; min-height: 250px;\">\r\n<p style=\"text-align: center;\">\r\n<script async src=\"https:\/\/pagead2.googlesyndication.com\/pagead\/js\/adsbygoogle.js\"><\/script>\r\n<!-- 300x250 sc a -->\r\n<ins class=\"adsbygoogle\"\r\n     style=\"display:inline-block;width:300px;height:250px\"\r\n     data-ad-client=\"ca-pub-1244235910658811\"\r\n     data-ad-slot=\"8592682546\"><\/ins>\r\n<script>\r\n     (adsbygoogle = window.adsbygoogle || []).push({});\r\n<\/script><\/center>\r\n<\/p><\/div><br \/>\nEl nuevo acuerdo har\u00e1 que AEW Dynamite se mude a TBS en 2022.<\/p>\n<p>Tambi\u00e9n se revel\u00f3 que un nuevo programa de televisi\u00f3n, llamado AEW Rampage, se estrenar\u00e1 los viernes por la noche a las 10 p.m. ET por TNT. El programa una hora se estrenar\u00e1 el viernes 13 de agosto.<\/p>\n<p>Rampage se trasladar\u00e1 a TBS con Dynamite en 2022.<\/p>\n<p>Khan tambi\u00e9n revel\u00f3 que AEW comenzar\u00e1 a emitir especiales de televisi\u00f3n trimestrales en TNT en 2022.<\/p>\n<p>Khan se\u00f1al\u00f3 que AEW ha renegociado su contrato con TNT y TBS. Se anunciar\u00e1n m\u00e1s detalles pronto, ya que los Upfronts de WarnerMedia se llevar\u00e1n a cabo hoy, lo que explica el momento del anuncio de Khan. <\/p>\n","protected":false},"excerpt":{"rendered":"<p>El presidente, director ejecutivo, director general y director creativo de AEW, Tony Khan, apareci\u00f3 en Busted Open Radio esta ma\u00f1ana y anunci\u00f3 un nuevo acuerdo con WarnerMedia.<\/p>\n","protected":false},"author":1,"featured_media":110306,"comment_status":"open","ping_status":"closed","sticky":false,"template":"","format":"standard","meta":{"footnotes":""},"categories":[5,1],"tags":[],"class_list":{"0":"post-131319","1":"post","2":"type-post","3":"status-publish","4":"format-standard","5":"has-post-thumbnail","7":"category-noticias","8":"category-all-elite-wrestling"},"_links":{"self":[{"href":"https:\/\/www.prwrestling.com\/nw\/wp-json\/wp\/v2\/posts\/131319","targetHints":{"allow":["GET"]}}],"collection":[{"href":"https:\/\/www.prwrestling.com\/nw\/wp-json\/wp\/v2\/posts"}],"about":[{"href":"https:\/\/www.prwrestling.com\/nw\/wp-json\/wp\/v2\/types\/post"}],"author":[{"embeddable":true,"href":"https:\/\/www.prwrestling.com\/nw\/wp-json\/wp\/v2\/users\/1"}],"replies":[{"embeddable":true,"href":"https:\/\/www.prwrestling.com\/nw\/wp-json\/wp\/v2\/comments?post=131319"}],"version-history":[{"count":1,"href":"https:\/\/www.prwrestling.com\/nw\/wp-json\/wp\/v2\/posts\/131319\/revisions"}],"predecessor-version":[{"id":131320,"href":"https:\/\/www.prwrestling.com\/nw\/wp-json\/wp\/v2\/posts\/131319\/revisions\/131320"}],"wp:featuredmedia":[{"embeddable":true,"href":"https:\/\/www.prwrestling.com\/nw\/wp-json\/wp\/v2\/media\/110306"}],"wp:attachment":[{"href":"https:\/\/www.prwrestling.com\/nw\/wp-json\/wp\/v2\/media?parent=131319"}],"wp:term":[{"taxonomy":"category","embeddable":true,"href":"https:\/\/www.prwrestling.com\/nw\/wp-json\/wp\/v2\/categories?post=131319"},{"taxonomy":"post_tag","embeddable":true,"href":"https:\/\/www.prwrestling.com\/nw\/wp-json\/wp\/v2\/tags?post=131319"}],"curies":[{"name":"wp","href":"https:\/\/api.w.org\/{rel}","templated":true}]}}