{"id":131322,"date":"2021-05-19T19:45:34","date_gmt":"2021-05-19T23:45:34","guid":{"rendered":"https:\/\/www.prwrestling.com\/nw\/?p=131322"},"modified":"2021-05-19T19:47:43","modified_gmt":"2021-05-19T23:47:43","slug":"alexander-wolfe-se-expresa-tras-despido-de-wwe","status":"publish","type":"post","link":"https:\/\/www.prwrestling.com\/nw\/alexander-wolfe-se-expresa-tras-despido-de-wwe\/","title":{"rendered":"Alexander Wolfe se expresa tras despido de WWE"},"content":{"rendered":"<p>El ex integrante de Imperium reaccion\u00f3 al anuncio de su salida de NXT, cual sucedi\u00f3 hoy mi\u00e9rcoles.<!--more--><div id=\"ad-slot\" style=\"min-width: 300px; min-height: 250px;\">\r\n<p style=\"text-align: center;\">\r\n<script async src=\"https:\/\/pagead2.googlesyndication.com\/pagead\/js\/adsbygoogle.js\"><\/script>\r\n<!-- 300x250 sc a -->\r\n<ins class=\"adsbygoogle\"\r\n     style=\"display:inline-block;width:300px;height:250px\"\r\n     data-ad-client=\"ca-pub-1244235910658811\"\r\n     data-ad-slot=\"8592682546\"><\/ins>\r\n<script>\r\n     (adsbygoogle = window.adsbygoogle || []).push({});\r\n<\/script><\/center>\r\n<\/p><\/div><br \/>\nKavita Devi, Jessamyn Duke, Ezra Judge, Skyler Story, Vanessa Borne,y los referees Drake Wuertz y Jake Clemo tambi\u00e9n fueron liberados.<\/p>\n<blockquote class=\"twitter-tweet\">\n<p dir=\"ltr\" lang=\"en\">Just for the record:<br \/>\nMy WWE contract will expire on June 15th.<br \/>\nThat means I&#8217;m a free agent on June 16th.<\/p>\n<p>I have a lot in my head right now<br \/>\nso let&#8217;s keep it short:<\/p>\n<p>Thank you <a href=\"https:\/\/twitter.com\/WWENXT?ref_src=twsrc%5Etfw\" target=\"_blank\" rel=\"noopener\">@WWENXT<\/a> <a href=\"https:\/\/twitter.com\/WWE?ref_src=twsrc%5Etfw\" target=\"_blank\" rel=\"noopener\">@WWE<\/a> for 6 year.<br \/>\nBye bye <a href=\"https:\/\/t.co\/hB09dG8RC3\">pic.twitter.com\/hB09dG8RC3<\/a><\/p>\n<p>\u2014 Axel The Axeman Tischer (@TheWWEWolfe) <a href=\"https:\/\/twitter.com\/TheWWEWolfe\/status\/1395141943127068675?ref_src=twsrc%5Etfw\" target=\"_blank\" rel=\"noopener\">May 19, 2021<\/a><\/p><\/blockquote>\n<p><script async src=\"https:\/\/platform.twitter.com\/widgets.js\" charset=\"utf-8\"><\/script><\/p>\n","protected":false},"excerpt":{"rendered":"<p>El ex integrante de Imperium reaccion\u00f3 al anuncio de su salida de NXT, cual sucedi\u00f3 hoy mi\u00e9rcoles.<\/p>\n","protected":false},"author":1,"featured_media":131323,"comment_status":"open","ping_status":"closed","sticky":false,"template":"","format":"standard","meta":{"footnotes":""},"categories":[5,38],"tags":[],"class_list":{"0":"post-131322","1":"post","2":"type-post","3":"status-publish","4":"format-standard","5":"has-post-thumbnail","7":"category-noticias","8":"category-noticias-y-rumores-de-la-wwe"},"_links":{"self":[{"href":"https:\/\/www.prwrestling.com\/nw\/wp-json\/wp\/v2\/posts\/131322","targetHints":{"allow":["GET"]}}],"collection":[{"href":"https:\/\/www.prwrestling.com\/nw\/wp-json\/wp\/v2\/posts"}],"about":[{"href":"https:\/\/www.prwrestling.com\/nw\/wp-json\/wp\/v2\/types\/post"}],"author":[{"embeddable":true,"href":"https:\/\/www.prwrestling.com\/nw\/wp-json\/wp\/v2\/users\/1"}],"replies":[{"embeddable":true,"href":"https:\/\/www.prwrestling.com\/nw\/wp-json\/wp\/v2\/comments?post=131322"}],"version-history":[{"count":1,"href":"https:\/\/www.prwrestling.com\/nw\/wp-json\/wp\/v2\/posts\/131322\/revisions"}],"predecessor-version":[{"id":131324,"href":"https:\/\/www.prwrestling.com\/nw\/wp-json\/wp\/v2\/posts\/131322\/revisions\/131324"}],"wp:featuredmedia":[{"embeddable":true,"href":"https:\/\/www.prwrestling.com\/nw\/wp-json\/wp\/v2\/media\/131323"}],"wp:attachment":[{"href":"https:\/\/www.prwrestling.com\/nw\/wp-json\/wp\/v2\/media?parent=131322"}],"wp:term":[{"taxonomy":"category","embeddable":true,"href":"https:\/\/www.prwrestling.com\/nw\/wp-json\/wp\/v2\/categories?post=131322"},{"taxonomy":"post_tag","embeddable":true,"href":"https:\/\/www.prwrestling.com\/nw\/wp-json\/wp\/v2\/tags?post=131322"}],"curies":[{"name":"wp","href":"https:\/\/api.w.org\/{rel}","templated":true}]}}