{"id":131334,"date":"2021-05-20T18:08:05","date_gmt":"2021-05-20T22:08:05","guid":{"rendered":"https:\/\/www.prwrestling.com\/nw\/?p=131334"},"modified":"2021-05-20T18:10:40","modified_gmt":"2021-05-20T22:10:40","slug":"wwe-libera-a-velveteen-dream","status":"publish","type":"post","link":"https:\/\/www.prwrestling.com\/nw\/wwe-libera-a-velveteen-dream\/","title":{"rendered":"WWE libera a Velveteen Dream"},"content":{"rendered":"<p>WWE liber\u00f3 ayer a varias personas de NXT. Muchos fan\u00e1ticos intervinieron para preguntar por qu\u00e9 Velveteen Dream todav\u00eda estaba presente. <!--more-->Tom\u00f3 un d\u00eda, pero ahora se sabe que Dream ya no est\u00e1 con WWE.<div id=\"ad-slot\" style=\"min-width: 300px; min-height: 250px;\">\r\n<p style=\"text-align: center;\">\r\n<script async src=\"https:\/\/pagead2.googlesyndication.com\/pagead\/js\/adsbygoogle.js\"><\/script>\r\n<!-- 300x250 sc a -->\r\n<ins class=\"adsbygoogle\"\r\n     style=\"display:inline-block;width:300px;height:250px\"\r\n     data-ad-client=\"ca-pub-1244235910658811\"\r\n     data-ad-slot=\"8592682546\"><\/ins>\r\n<script>\r\n     (adsbygoogle = window.adsbygoogle || []).push({});\r\n<\/script><\/center>\r\n<\/p><\/div><br \/>\nSeg\u00fan PW Insider, Velveteen Dream ha sido liberado por WWE. El luchador no se ha visto en televisi\u00f3n desde que perdi\u00f3 ante Adam Cole en A Very Gargano Christmas en diciembre de 2020.<\/p>\n<p>Dream no hab\u00eda estado en el WWE Performance Center en meses, y solo volvi\u00f3 a aparecer recientemente. Tambi\u00e9n estuvo backstage en Raw la semana pasada, pero no fue utilizado. Tambi\u00e9n hubo informes de que no hab\u00eda ning\u00fan plan para usarlo.<br \/>\n<div id=\"ad-slot\" style=\"min-width: 300px; min-height: 250px;\"><p style=\"text-align: center;\">\r\n<script async src=\"https:\/\/pagead2.googlesyndication.com\/pagead\/js\/adsbygoogle.js\"><\/script>\r\n<!-- Responsive sc c -->\r\n<ins class=\"adsbygoogle\"\r\n     style=\"display:block\"\r\n     data-ad-client=\"ca-pub-1244235910658811\"\r\n     data-ad-slot=\"4234005358\"\r\n     data-ad-format=\"auto\"\r\n     data-full-width-responsive=\"true\"><\/ins>\r\n<script>\r\n     (adsbygoogle = window.adsbygoogle || []).push({});\r\n<\/script><\/p><\/div><br \/>\nLa ahora ex Superestrella de NXT fue objeto de mucha controversia luego de las acusaciones de comportamiento sexual inapropiado. WWE dijo que llevaron a cabo una investigaci\u00f3n en ese momento, pero no encontraron evidencia de ning\u00fan delito. Uno de los acusadores de Dream aleg\u00f3 que nunca fue contactado.<\/p>\n<p>Velveteen Dream ingres\u00f3 a la WWE a trav\u00e9s de Tough Enough como Patrick Clark y fue firmado en el 2015. Mick Foley era tan fan\u00e1tico de Patrick durante el programa que estaba abiertamente molesto despu\u00e9s de su eliminaci\u00f3n.<\/p>\n","protected":false},"excerpt":{"rendered":"<p>WWE liber\u00f3 ayer a varias personas de NXT. Muchos fan\u00e1ticos intervinieron para preguntar por qu\u00e9 Velveteen Dream todav\u00eda estaba presente.<\/p>\n","protected":false},"author":1,"featured_media":125391,"comment_status":"open","ping_status":"closed","sticky":false,"template":"","format":"standard","meta":{"footnotes":""},"categories":[5,38],"tags":[],"class_list":{"0":"post-131334","1":"post","2":"type-post","3":"status-publish","4":"format-standard","5":"has-post-thumbnail","7":"category-noticias","8":"category-noticias-y-rumores-de-la-wwe"},"_links":{"self":[{"href":"https:\/\/www.prwrestling.com\/nw\/wp-json\/wp\/v2\/posts\/131334","targetHints":{"allow":["GET"]}}],"collection":[{"href":"https:\/\/www.prwrestling.com\/nw\/wp-json\/wp\/v2\/posts"}],"about":[{"href":"https:\/\/www.prwrestling.com\/nw\/wp-json\/wp\/v2\/types\/post"}],"author":[{"embeddable":true,"href":"https:\/\/www.prwrestling.com\/nw\/wp-json\/wp\/v2\/users\/1"}],"replies":[{"embeddable":true,"href":"https:\/\/www.prwrestling.com\/nw\/wp-json\/wp\/v2\/comments?post=131334"}],"version-history":[{"count":1,"href":"https:\/\/www.prwrestling.com\/nw\/wp-json\/wp\/v2\/posts\/131334\/revisions"}],"predecessor-version":[{"id":131335,"href":"https:\/\/www.prwrestling.com\/nw\/wp-json\/wp\/v2\/posts\/131334\/revisions\/131335"}],"wp:featuredmedia":[{"embeddable":true,"href":"https:\/\/www.prwrestling.com\/nw\/wp-json\/wp\/v2\/media\/125391"}],"wp:attachment":[{"href":"https:\/\/www.prwrestling.com\/nw\/wp-json\/wp\/v2\/media?parent=131334"}],"wp:term":[{"taxonomy":"category","embeddable":true,"href":"https:\/\/www.prwrestling.com\/nw\/wp-json\/wp\/v2\/categories?post=131334"},{"taxonomy":"post_tag","embeddable":true,"href":"https:\/\/www.prwrestling.com\/nw\/wp-json\/wp\/v2\/tags?post=131334"}],"curies":[{"name":"wp","href":"https:\/\/api.w.org\/{rel}","templated":true}]}}