{"id":131342,"date":"2021-05-21T12:34:50","date_gmt":"2021-05-21T16:34:50","guid":{"rendered":"https:\/\/www.prwrestling.com\/nw\/?p=131342"},"modified":"2021-05-21T12:35:31","modified_gmt":"2021-05-21T16:35:31","slug":"dominik-mysterio-podraa-terminar-siendo-enmascarado","status":"publish","type":"post","link":"https:\/\/www.prwrestling.com\/nw\/dominik-mysterio-podraa-terminar-siendo-enmascarado\/","title":{"rendered":"Dominik Mysterio podr\u00eda terminar siendo enmascarado"},"content":{"rendered":"<p>Como es costumbre de los hijos de luchadores enmascarados, esos usan tambi\u00e9n una m\u00e1scara, pero el hijo de Rey Mysterio, Dominik, no lo hizo cuando comenz\u00f3 a ser un competidor activo en el ring.<!--more--><div id=\"ad-slot\" style=\"min-width: 300px; min-height: 250px;\">\r\n<p style=\"text-align: center;\">\r\n<script async src=\"https:\/\/pagead2.googlesyndication.com\/pagead\/js\/adsbygoogle.js\"><\/script>\r\n<!-- 300x250 sc a -->\r\n<ins class=\"adsbygoogle\"\r\n     style=\"display:inline-block;width:300px;height:250px\"\r\n     data-ad-client=\"ca-pub-1244235910658811\"\r\n     data-ad-slot=\"8592682546\"><\/ins>\r\n<script>\r\n     (adsbygoogle = window.adsbygoogle || []).push({});\r\n<\/script><\/center>\r\n<\/p><\/div><br \/>\nMientras hablaba en el podcast After The Bell de Corey Graves, Rey Mysterio habl\u00f3 sobre la posibilidad de que su hijo Dominik eventualmente se ponga una m\u00e1scara de luchador.<\/p>\n<p>Mysterio revel\u00f3 que Dominik iba a tener una m\u00e1scara desde el d\u00eda en que comenz\u00f3 a entrenar para convertirse en una superestrella de la WWE, pero los planes nunca se concretaron.<\/p>\n<p>\u201cEsa fue la idea desde el primer d\u00eda que comenz\u00f3 a entrenar: Dom continuar\u00e1 con este legado y lo llevar\u00e1 adelante. Pero realmente nunca tuvimos la oportunidad de sentarnos y discutir nuestros planes, que ahora, en retrospectiva, podemos mirarlo y decir que todav\u00eda no es demasiado tarde para hacer que las cosas sucedan como lo hab\u00edamos planeado.&#8221;<br \/>\n<div id=\"ad-slot\" style=\"min-width: 300px; min-height: 250px;\"><p style=\"text-align: center;\">\r\n<script async src=\"https:\/\/pagead2.googlesyndication.com\/pagead\/js\/adsbygoogle.js\"><\/script>\r\n<!-- Responsive sc c -->\r\n<ins class=\"adsbygoogle\"\r\n     style=\"display:block\"\r\n     data-ad-client=\"ca-pub-1244235910658811\"\r\n     data-ad-slot=\"4234005358\"\r\n     data-ad-format=\"auto\"\r\n     data-full-width-responsive=\"true\"><\/ins>\r\n<script>\r\n     (adsbygoogle = window.adsbygoogle || []).push({});\r\n<\/script><\/p><\/div><br \/>\n&#8220;Entonces, creo que Dom tendr\u00e1 que ganarse la m\u00e1scara ahora, y est\u00e1 en camino. Eventualmente, alg\u00fan d\u00eda, tal vez la m\u00e1scara la tendr\u00e1 puesta,&#8221; dijo Mysterio.<\/p>\n<p>Rey y Dominik Mysterio hicieron historia como los primeros campeones en parejas padre \/ hijo en la compa\u00f1\u00eda despu\u00e9s de derrotar a Dolph Ziggler y Robert Roode en WrestleMania Backlash.<\/p>\n","protected":false},"excerpt":{"rendered":"<p>Como es costumbre de los hijos de luchadores enmascarados, esos usan tambi\u00e9n una m\u00e1scara, pero el hijo de Rey Mysterio, Dominik, no lo hizo cuando comenz\u00f3 a ser un competidor activo en el ring.<\/p>\n","protected":false},"author":1,"featured_media":131343,"comment_status":"open","ping_status":"closed","sticky":false,"template":"","format":"standard","meta":{"footnotes":""},"categories":[5,38],"tags":[1581,9],"class_list":{"0":"post-131342","1":"post","2":"type-post","3":"status-publish","4":"format-standard","5":"has-post-thumbnail","7":"category-noticias","8":"category-noticias-y-rumores-de-la-wwe","9":"tag-rey-mysterio","10":"tag-wwe"},"_links":{"self":[{"href":"https:\/\/www.prwrestling.com\/nw\/wp-json\/wp\/v2\/posts\/131342","targetHints":{"allow":["GET"]}}],"collection":[{"href":"https:\/\/www.prwrestling.com\/nw\/wp-json\/wp\/v2\/posts"}],"about":[{"href":"https:\/\/www.prwrestling.com\/nw\/wp-json\/wp\/v2\/types\/post"}],"author":[{"embeddable":true,"href":"https:\/\/www.prwrestling.com\/nw\/wp-json\/wp\/v2\/users\/1"}],"replies":[{"embeddable":true,"href":"https:\/\/www.prwrestling.com\/nw\/wp-json\/wp\/v2\/comments?post=131342"}],"version-history":[{"count":1,"href":"https:\/\/www.prwrestling.com\/nw\/wp-json\/wp\/v2\/posts\/131342\/revisions"}],"predecessor-version":[{"id":131344,"href":"https:\/\/www.prwrestling.com\/nw\/wp-json\/wp\/v2\/posts\/131342\/revisions\/131344"}],"wp:featuredmedia":[{"embeddable":true,"href":"https:\/\/www.prwrestling.com\/nw\/wp-json\/wp\/v2\/media\/131343"}],"wp:attachment":[{"href":"https:\/\/www.prwrestling.com\/nw\/wp-json\/wp\/v2\/media?parent=131342"}],"wp:term":[{"taxonomy":"category","embeddable":true,"href":"https:\/\/www.prwrestling.com\/nw\/wp-json\/wp\/v2\/categories?post=131342"},{"taxonomy":"post_tag","embeddable":true,"href":"https:\/\/www.prwrestling.com\/nw\/wp-json\/wp\/v2\/tags?post=131342"}],"curies":[{"name":"wp","href":"https:\/\/api.w.org\/{rel}","templated":true}]}}