{"id":131356,"date":"2021-05-22T01:18:57","date_gmt":"2021-05-22T05:18:57","guid":{"rendered":"https:\/\/www.prwrestling.com\/nw\/?p=131356"},"modified":"2021-05-22T01:18:57","modified_gmt":"2021-05-22T05:18:57","slug":"rumor-john-cena-regresa-pronto-a-wwe","status":"publish","type":"post","link":"https:\/\/www.prwrestling.com\/nw\/rumor-john-cena-regresa-pronto-a-wwe\/","title":{"rendered":"Rumor: John Cena regresa pronto a WWE"},"content":{"rendered":"<p>John Cena podr\u00eda regresar pronto ante las c\u00e1maras de la WWE.<!--more--><div id=\"ad-slot\" style=\"min-width: 300px; min-height: 250px;\">\r\n<p style=\"text-align: center;\">\r\n<script async src=\"https:\/\/pagead2.googlesyndication.com\/pagead\/js\/adsbygoogle.js\"><\/script>\r\n<!-- 300x250 sc a -->\r\n<ins class=\"adsbygoogle\"\r\n     style=\"display:inline-block;width:300px;height:250px\"\r\n     data-ad-client=\"ca-pub-1244235910658811\"\r\n     data-ad-slot=\"8592682546\"><\/ins>\r\n<script>\r\n     (adsbygoogle = window.adsbygoogle || []).push({});\r\n<\/script><\/center>\r\n<\/p><\/div><br \/>\nHubo rumores no confirmados el viernes que dec\u00edan que el regreso de Cena a la WWE estaba programado para coincidir con el regreso de la WWE a los shows ante los fans en julio, comenzando con Money In the Bank.<\/p>\n<p>En una actualizaci\u00f3n, <a href=\"http:\/\/F4Wonline.com\" target=\"_blank\" rel=\"noopener\">F4Wonline.com<\/a> inform\u00f3 que el regreso de Cena a\u00fan se est\u00e1 discutiendo para el primer show con fan\u00e1ticos, que ser\u00eda la edici\u00f3n del 16 de julio de WWE SmackDown en FOX, transmitida en vivo desde el Toyota Center en Houston. , TX.<\/p>\n<p>WWE anunci\u00f3 el viernes que volver\u00e1n a la carretera con una gira por 25 ciudades que comienza con ese SmackDown en Houston. Continuar\u00e1 con Money In the Bank el domingo 18 de julio en el Dickies Arena en Fort Worth, y un RAW en vivo el 19 de julio desde el American Airlines Center en Dallas.<br \/>\n<div id=\"ad-slot\" style=\"min-width: 300px; min-height: 250px;\"><p style=\"text-align: center;\">\r\n<script async src=\"https:\/\/pagead2.googlesyndication.com\/pagead\/js\/adsbygoogle.js\"><\/script>\r\n<!-- Responsive sc c -->\r\n<ins class=\"adsbygoogle\"\r\n     style=\"display:block\"\r\n     data-ad-client=\"ca-pub-1244235910658811\"\r\n     data-ad-slot=\"4234005358\"\r\n     data-ad-format=\"auto\"\r\n     data-full-width-responsive=\"true\"><\/ins>\r\n<script>\r\n     (adsbygoogle = window.adsbygoogle || []).push({});\r\n<\/script><\/p><\/div><br \/>\nLas entradas para esos tres espect\u00e1culos saldr\u00e1n a la venta este mi\u00e9rcoles y WWE anunciar\u00e1 el resto de las fechas en las pr\u00f3ximas semanas. El horario de 25 ciudades se extender\u00e1 hasta el D\u00eda del Trabajo, que es el lunes 6 de septiembre.<\/p>\n<p>Cena no ha estado en WWE desde que perdi\u00f3 ante &#8220;The Fiend&#8221; Bray Wyatt en el Firefly Fun House en WrestleMania 37 en 2020. Recientemente se anunci\u00f3 que Cena ser\u00e1 el productor ejecutivo y narrar\u00e1 una nueva serie de WWE, Evil, para Peacock y WWE Network.<\/p>\n","protected":false},"excerpt":{"rendered":"<p>John Cena podr\u00eda regresar pronto ante las c\u00e1maras de la WWE.<\/p>\n","protected":false},"author":3,"featured_media":575,"comment_status":"open","ping_status":"closed","sticky":false,"template":"","format":"standard","meta":{"footnotes":""},"categories":[5,38],"tags":[1504,9],"class_list":{"0":"post-131356","1":"post","2":"type-post","3":"status-publish","4":"format-standard","5":"has-post-thumbnail","7":"category-noticias","8":"category-noticias-y-rumores-de-la-wwe","9":"tag-john-cena","10":"tag-wwe"},"_links":{"self":[{"href":"https:\/\/www.prwrestling.com\/nw\/wp-json\/wp\/v2\/posts\/131356","targetHints":{"allow":["GET"]}}],"collection":[{"href":"https:\/\/www.prwrestling.com\/nw\/wp-json\/wp\/v2\/posts"}],"about":[{"href":"https:\/\/www.prwrestling.com\/nw\/wp-json\/wp\/v2\/types\/post"}],"author":[{"embeddable":true,"href":"https:\/\/www.prwrestling.com\/nw\/wp-json\/wp\/v2\/users\/3"}],"replies":[{"embeddable":true,"href":"https:\/\/www.prwrestling.com\/nw\/wp-json\/wp\/v2\/comments?post=131356"}],"version-history":[{"count":0,"href":"https:\/\/www.prwrestling.com\/nw\/wp-json\/wp\/v2\/posts\/131356\/revisions"}],"wp:featuredmedia":[{"embeddable":true,"href":"https:\/\/www.prwrestling.com\/nw\/wp-json\/wp\/v2\/media\/575"}],"wp:attachment":[{"href":"https:\/\/www.prwrestling.com\/nw\/wp-json\/wp\/v2\/media?parent=131356"}],"wp:term":[{"taxonomy":"category","embeddable":true,"href":"https:\/\/www.prwrestling.com\/nw\/wp-json\/wp\/v2\/categories?post=131356"},{"taxonomy":"post_tag","embeddable":true,"href":"https:\/\/www.prwrestling.com\/nw\/wp-json\/wp\/v2\/tags?post=131356"}],"curies":[{"name":"wp","href":"https:\/\/api.w.org\/{rel}","templated":true}]}}