{"id":131377,"date":"2021-05-24T12:20:22","date_gmt":"2021-05-24T16:20:22","guid":{"rendered":"https:\/\/www.prwrestling.com\/nw\/?p=131377"},"modified":"2021-05-24T12:20:22","modified_gmt":"2021-05-24T16:20:22","slug":"velveteen-dream-rompe-el-silencio-tras-ser-liberado-de-wwe","status":"publish","type":"post","link":"https:\/\/www.prwrestling.com\/nw\/velveteen-dream-rompe-el-silencio-tras-ser-liberado-de-wwe\/","title":{"rendered":"Velveteen Dream rompe el silencio tras ser liberado de WWE"},"content":{"rendered":"<p>WWE liber\u00f3 a Velveteen Dream (Patrick Clark) de su contrato con NXT la semana pasada.<!--more--><div id=\"ad-slot\" style=\"min-width: 300px; min-height: 250px;\">\r\n<p style=\"text-align: center;\">\r\n<script async src=\"https:\/\/pagead2.googlesyndication.com\/pagead\/js\/adsbygoogle.js\"><\/script>\r\n<!-- 300x250 sc a -->\r\n<ins class=\"adsbygoogle\"\r\n     style=\"display:inline-block;width:300px;height:250px\"\r\n     data-ad-client=\"ca-pub-1244235910658811\"\r\n     data-ad-slot=\"8592682546\"><\/ins>\r\n<script>\r\n     (adsbygoogle = window.adsbygoogle || []).push({});\r\n<\/script><\/center>\r\n<\/p><\/div><br \/>\nEn los pasados meses surgieron acusaciones sobre \u00e9l que causaron mucha controversia y #FireVelveteenDream estaba en tendencia cada vez que estaba en televisi\u00f3n.<\/p>\n<p>Velveteen Dream se expres\u00f3 en Instagram indicando que hay una l\u00ednea entre su personaje y qui\u00e9n es realmente.\u00a0 \u00a0Tambi\u00e9n dijo que las acusaciones que surgieron sobre \u00e9l el 20 de abril de 2020 \u201cefectivamente descarrilaron cualquier impulso ascendente\u201d que hab\u00eda tenido profesionalmente.<\/p>\n<p>Patrick Clark continu\u00f3 explicando que el personaje de Velveteen Dream se invent\u00f3 el d\u00eda que Prince muri\u00f3. Cre\u00f3 &#8220;Una diva autoabsorbida, sexualmente ambigua, de g\u00e9nero fluido&#8221;. Luego dijo que los problemas comenzaron cuando anunci\u00f3 que sus DM estaban abiertos. Recibi\u00f3 algunos mensajes y respondi\u00f3 a algunos de ellos. Un hombre llamado Jaccob quer\u00eda ser un luchador profesional y Dream le dijo que necesitaba mejorar su f\u00edsico y sus promos.<br \/>\n<div id=\"ad-slot\" style=\"min-width: 300px; min-height: 250px;\"><p style=\"text-align: center;\">\r\n<script async src=\"https:\/\/pagead2.googlesyndication.com\/pagead\/js\/adsbygoogle.js\"><\/script>\r\n<!-- Responsive sc c -->\r\n<ins class=\"adsbygoogle\"\r\n     style=\"display:block\"\r\n     data-ad-client=\"ca-pub-1244235910658811\"\r\n     data-ad-slot=\"4234005358\"\r\n     data-ad-format=\"auto\"\r\n     data-full-width-responsive=\"true\"><\/ins>\r\n<script>\r\n     (adsbygoogle = window.adsbygoogle || []).push({});\r\n<\/script><\/p><\/div><br \/>\nDream luego dijo que Jaccob le pidi\u00f3 que verificara que estaba hablando con la persona real. Fue entonces cuando Velveteen Dream le envi\u00f3 un clip de audio y &#8220;El mensaje de voz completo me hace preguntarle a Jaccob sobre su altura, peso, d\u00f3nde entren\u00f3 y a qu\u00e9 escuela asisti\u00f3&#8221;. De ah\u00ed supuestamente proviene el clip de audio que surgi\u00f3 como parte de las acusaciones.<\/p>\n<p>Clark tambi\u00e9n se dirigi\u00f3 a su segundo acusador, Joshua Fuller, a quien dijo que conoci\u00f3 en un Meet &amp; Greet en 2016. Luego desarrollaron una amistad. Dijo que Fuller tuvo declaraciones muy contradictorias sobre su experiencia con \u00e9l. Dream tambi\u00e9n dijo que cort\u00f3 las conversaciones con Fuller en 2018 cuando se neg\u00f3 a ver a un m\u00e9dico despu\u00e9s de sufrir una conmoci\u00f3n cerebral.<\/p>\n<p>Al final, Velveteen Dream dijo que sus dos acusadores son dos de las muchas personas a las que ayud\u00f3 en el camino. y declar\u00f3 que el &#8220;DREAM&#8221; ha terminado.<br \/>\n<img loading=\"lazy\" decoding=\"async\" class=\"alignnone size-large\" src=\"https:\/\/www.ringsidenews.com\/wp-content\/uploads\/2021\/05\/1dream-2-768x432.jpg\" width=\"768\" height=\"432\" \/><br \/>\n<img loading=\"lazy\" decoding=\"async\" class=\"alignnone size-large\" src=\"https:\/\/www.ringsidenews.com\/wp-content\/uploads\/2021\/05\/dream-2-1-768x432.jpg\" width=\"768\" height=\"432\" \/><\/p>\n","protected":false},"excerpt":{"rendered":"<p>WWE liber\u00f3 a Velveteen Dream (Patrick Clark) de su contrato con NXT la semana pasada.<\/p>\n","protected":false},"author":1,"featured_media":131378,"comment_status":"open","ping_status":"closed","sticky":false,"template":"","format":"standard","meta":{"footnotes":""},"categories":[5,38],"tags":[],"class_list":{"0":"post-131377","1":"post","2":"type-post","3":"status-publish","4":"format-standard","5":"has-post-thumbnail","7":"category-noticias","8":"category-noticias-y-rumores-de-la-wwe"},"_links":{"self":[{"href":"https:\/\/www.prwrestling.com\/nw\/wp-json\/wp\/v2\/posts\/131377","targetHints":{"allow":["GET"]}}],"collection":[{"href":"https:\/\/www.prwrestling.com\/nw\/wp-json\/wp\/v2\/posts"}],"about":[{"href":"https:\/\/www.prwrestling.com\/nw\/wp-json\/wp\/v2\/types\/post"}],"author":[{"embeddable":true,"href":"https:\/\/www.prwrestling.com\/nw\/wp-json\/wp\/v2\/users\/1"}],"replies":[{"embeddable":true,"href":"https:\/\/www.prwrestling.com\/nw\/wp-json\/wp\/v2\/comments?post=131377"}],"version-history":[{"count":0,"href":"https:\/\/www.prwrestling.com\/nw\/wp-json\/wp\/v2\/posts\/131377\/revisions"}],"wp:featuredmedia":[{"embeddable":true,"href":"https:\/\/www.prwrestling.com\/nw\/wp-json\/wp\/v2\/media\/131378"}],"wp:attachment":[{"href":"https:\/\/www.prwrestling.com\/nw\/wp-json\/wp\/v2\/media?parent=131377"}],"wp:term":[{"taxonomy":"category","embeddable":true,"href":"https:\/\/www.prwrestling.com\/nw\/wp-json\/wp\/v2\/categories?post=131377"},{"taxonomy":"post_tag","embeddable":true,"href":"https:\/\/www.prwrestling.com\/nw\/wp-json\/wp\/v2\/tags?post=131377"}],"curies":[{"name":"wp","href":"https:\/\/api.w.org\/{rel}","templated":true}]}}