{"id":131399,"date":"2021-05-25T15:32:39","date_gmt":"2021-05-25T19:32:39","guid":{"rendered":"https:\/\/www.prwrestling.com\/nw\/?p=131399"},"modified":"2021-05-25T15:32:39","modified_gmt":"2021-05-25T19:32:39","slug":"adnan-virk-sale-de-la-wwe","status":"publish","type":"post","link":"https:\/\/www.prwrestling.com\/nw\/adnan-virk-sale-de-la-wwe\/","title":{"rendered":"Adnan Virk sale de la WWE"},"content":{"rendered":"<p>La permanencia al aire del anunciador de Raw, Adnan Virk, en la WWE termin\u00f3 despu\u00e9s de menos de dos meses, ya que la compa\u00f1\u00eda anunci\u00f3 el martes que ellos y Virk &#8220;han acordado mutuamente separarse&#8221;.<!--more--><div id=\"ad-slot\" style=\"min-width: 300px; min-height: 250px;\">\r\n<p style=\"text-align: center;\">\r\n<script async src=\"https:\/\/pagead2.googlesyndication.com\/pagead\/js\/adsbygoogle.js\"><\/script>\r\n<!-- 300x250 sc a -->\r\n<ins class=\"adsbygoogle\"\r\n     style=\"display:inline-block;width:300px;height:250px\"\r\n     data-ad-client=\"ca-pub-1244235910658811\"\r\n     data-ad-slot=\"8592682546\"><\/ins>\r\n<script>\r\n     (adsbygoogle = window.adsbygoogle || []).push({});\r\n<\/script><\/center>\r\n<\/p><\/div><br \/>\n&#8220;WWE agradece a Adnan por su trabajo&#8221;, dec\u00eda la breve declaraci\u00f3n. En un tweet, Virk agradeci\u00f3 a la WWE, Corey Graves y Byron Saxton y dijo: &#8220;El viaje semanal junto con mis otros trabajos fue una rutina fuerte para m\u00ed y mi familia&#8221;.<\/p>\n<p>Virk fue contratado en abril como el nuevo narrador principal de WWE Raw a pesar de no tener experiencia previa en la lucha libre. Virk hab\u00eda firmado un contrato de varios a\u00f1os y comenz\u00f3 el 12 de abril en Raw junto a Graves y Saxton.<\/p>\n<p>Se desconoce qui\u00e9n reemplazar\u00e1 a Virk en la mesa. Reemplaz\u00f3 a Tom Phillips, quien fue trasladado a 205 Live y ahora supervisa &#8220;proyectos especiales para la programaci\u00f3n de WWE en Peacock y en el WWE Performance Center en Orlando&#8221;.<\/p>\n<p>Virk fue contratado por Michael Cole despu\u00e9s de una audici\u00f3n a mediados de febrero que no involucr\u00f3 directamente a Vince McMahon.<br \/>\n<div id=\"ad-slot\" style=\"min-width: 300px; min-height: 250px;\"><p style=\"text-align: center;\">\r\n<script async src=\"https:\/\/pagead2.googlesyndication.com\/pagead\/js\/adsbygoogle.js\"><\/script>\r\n<!-- Responsive sc c -->\r\n<ins class=\"adsbygoogle\"\r\n     style=\"display:block\"\r\n     data-ad-client=\"ca-pub-1244235910658811\"\r\n     data-ad-slot=\"4234005358\"\r\n     data-ad-format=\"auto\"\r\n     data-full-width-responsive=\"true\"><\/ins>\r\n<script>\r\n     (adsbygoogle = window.adsbygoogle || []).push({});\r\n<\/script><\/p><\/div><br \/>\nVince aprob\u00f3 despu\u00e9s de revisar las cintas de audici\u00f3n con Khan y Cole despu\u00e9s de la audici\u00f3n y en realidad no conoci\u00f3 a Virk hasta despu\u00e9s de su segunda noche en Raw.<\/p>\n<p>Virk tiene varios otros trabajos en los medios, incluidos MLB Network, NHL Network, DAZN y varios podcasts que presenta.<\/p>\n","protected":false},"excerpt":{"rendered":"<p>La permanencia al aire del anunciador de Raw, Adnan Virk, en la WWE termin\u00f3 despu\u00e9s de menos de dos meses, ya que la compa\u00f1\u00eda anunci\u00f3 el martes que ellos y Virk &#8220;han acordado mutuamente separarse&#8221;.<\/p>\n","protected":false},"author":1,"featured_media":131400,"comment_status":"open","ping_status":"closed","sticky":false,"template":"","format":"standard","meta":{"footnotes":""},"categories":[5,38],"tags":[],"class_list":{"0":"post-131399","1":"post","2":"type-post","3":"status-publish","4":"format-standard","5":"has-post-thumbnail","7":"category-noticias","8":"category-noticias-y-rumores-de-la-wwe"},"_links":{"self":[{"href":"https:\/\/www.prwrestling.com\/nw\/wp-json\/wp\/v2\/posts\/131399","targetHints":{"allow":["GET"]}}],"collection":[{"href":"https:\/\/www.prwrestling.com\/nw\/wp-json\/wp\/v2\/posts"}],"about":[{"href":"https:\/\/www.prwrestling.com\/nw\/wp-json\/wp\/v2\/types\/post"}],"author":[{"embeddable":true,"href":"https:\/\/www.prwrestling.com\/nw\/wp-json\/wp\/v2\/users\/1"}],"replies":[{"embeddable":true,"href":"https:\/\/www.prwrestling.com\/nw\/wp-json\/wp\/v2\/comments?post=131399"}],"version-history":[{"count":0,"href":"https:\/\/www.prwrestling.com\/nw\/wp-json\/wp\/v2\/posts\/131399\/revisions"}],"wp:featuredmedia":[{"embeddable":true,"href":"https:\/\/www.prwrestling.com\/nw\/wp-json\/wp\/v2\/media\/131400"}],"wp:attachment":[{"href":"https:\/\/www.prwrestling.com\/nw\/wp-json\/wp\/v2\/media?parent=131399"}],"wp:term":[{"taxonomy":"category","embeddable":true,"href":"https:\/\/www.prwrestling.com\/nw\/wp-json\/wp\/v2\/categories?post=131399"},{"taxonomy":"post_tag","embeddable":true,"href":"https:\/\/www.prwrestling.com\/nw\/wp-json\/wp\/v2\/tags?post=131399"}],"curies":[{"name":"wp","href":"https:\/\/api.w.org\/{rel}","templated":true}]}}