{"id":131417,"date":"2021-05-27T08:23:42","date_gmt":"2021-05-27T12:23:42","guid":{"rendered":"https:\/\/www.prwrestling.com\/nw\/?p=131417"},"modified":"2021-05-27T08:23:42","modified_gmt":"2021-05-27T12:23:42","slug":"se-prepara-wwe-para-estar-a-la-venta","status":"publish","type":"post","link":"https:\/\/www.prwrestling.com\/nw\/se-prepara-wwe-para-estar-a-la-venta\/","title":{"rendered":"\u00bfSe prepara WWE para estar a la venta?"},"content":{"rendered":"<p>Vince McMahon siempre est\u00e1 abierto a los negocios, pero \u00bfeso alguna vez significar\u00eda que WWE est\u00e9 a la venta? Las decisiones recientes de la empresa podr\u00edan ir en esa direcci\u00f3n si contin\u00faan con su plan de restructura.<!--more--><div id=\"ad-slot\" style=\"min-width: 300px; min-height: 250px;\">\r\n<p style=\"text-align: center;\">\r\n<script async src=\"https:\/\/pagead2.googlesyndication.com\/pagead\/js\/adsbygoogle.js\"><\/script>\r\n<!-- 300x250 sc a -->\r\n<ins class=\"adsbygoogle\"\r\n     style=\"display:inline-block;width:300px;height:250px\"\r\n     data-ad-client=\"ca-pub-1244235910658811\"\r\n     data-ad-slot=\"8592682546\"><\/ins>\r\n<script>\r\n     (adsbygoogle = window.adsbygoogle || []).push({});\r\n<\/script><\/center>\r\n<\/p><\/div><br \/>\nWWE despidi\u00f3 a muchos empleados corporativos esta semana para fusionar varios departamentos en una sola divisi\u00f3n. Esta reestructuraci\u00f3n empresarial tambi\u00e9n vino con el despido de varios vicepresidentes ejecutivos.<\/p>\n<p>Nick Khan ha encabezado la mayor\u00eda de estos \u00faltimos movimientos mientras prepara a WWE para el pr\u00f3ximo cap\u00edtulo en la historia de la compa\u00f1\u00eda. Khan tambi\u00e9n se ha asegurado a\u00fan m\u00e1s poder como presidente de la WWE esta semana.<\/p>\n<p>Durante <a href=\"http:\/\/wrestlingobserver.com\" target=\"_blank\" rel=\"noopener\">Wrestling Observer Radio<\/a>, Dave Meltzer entr\u00f3 en esta situaci\u00f3n donde discuti\u00f3 una idea muy interesante. Es posible que WWE se est\u00e9 preparando para salir a la venta. Muchas de las cosas que est\u00e1 haciendo la empresa apoyar\u00edan esa idea.<br \/>\n<div id=\"ad-slot\" style=\"min-width: 300px; min-height: 250px;\"><p style=\"text-align: center;\">\r\n<script async src=\"https:\/\/pagead2.googlesyndication.com\/pagead\/js\/adsbygoogle.js\"><\/script>\r\n<!-- Responsive sc c -->\r\n<ins class=\"adsbygoogle\"\r\n     style=\"display:block\"\r\n     data-ad-client=\"ca-pub-1244235910658811\"\r\n     data-ad-slot=\"4234005358\"\r\n     data-ad-format=\"auto\"\r\n     data-full-width-responsive=\"true\"><\/ins>\r\n<script>\r\n     (adsbygoogle = window.adsbygoogle || []).push({});\r\n<\/script><\/p><\/div><br \/>\n\u201cHabr\u00e1 personas con m\u00e1s trabajo, pero quer\u00edan reducir el n\u00famero de empleados porque est\u00e1n tratando de aumentar su rentabilidad y eso es, quiero decir, si est\u00e1n tratando de preparar la cosa para una venta, eso es algo bueno para hacer,&#8221; dijo.<\/p>\n<p>Tambi\u00e9n se se\u00f1al\u00f3 que WWE se est\u00e1 mudando a una nueva sede y\u00a0 la raz\u00f3n que dieron a los despidos fue &#8220;recortes presupuestarios&#8221;.<\/p>\n<p>WWE est\u00e1 aumentando sus ganancias y produciendo contenido en varias v\u00edas, lo que estar\u00e1 inyectando mucho dinero por los pr\u00f3ximos a\u00f1os, lo que la ha colocado en su mejor punto econ\u00f3mico en toda su historia.<\/p>\n","protected":false},"excerpt":{"rendered":"<p>Vince McMahon siempre est\u00e1 abierto a los negocios, pero \u00bfeso alguna vez significar\u00eda que WWE est\u00e9 a la venta? Las decisiones recientes de la empresa podr\u00edan ir en esa direcci\u00f3n si contin\u00faan con su plan de restructura.<\/p>\n","protected":false},"author":1,"featured_media":120885,"comment_status":"open","ping_status":"closed","sticky":false,"template":"","format":"standard","meta":{"footnotes":""},"categories":[5,38],"tags":[9],"class_list":{"0":"post-131417","1":"post","2":"type-post","3":"status-publish","4":"format-standard","5":"has-post-thumbnail","7":"category-noticias","8":"category-noticias-y-rumores-de-la-wwe","9":"tag-wwe"},"_links":{"self":[{"href":"https:\/\/www.prwrestling.com\/nw\/wp-json\/wp\/v2\/posts\/131417","targetHints":{"allow":["GET"]}}],"collection":[{"href":"https:\/\/www.prwrestling.com\/nw\/wp-json\/wp\/v2\/posts"}],"about":[{"href":"https:\/\/www.prwrestling.com\/nw\/wp-json\/wp\/v2\/types\/post"}],"author":[{"embeddable":true,"href":"https:\/\/www.prwrestling.com\/nw\/wp-json\/wp\/v2\/users\/1"}],"replies":[{"embeddable":true,"href":"https:\/\/www.prwrestling.com\/nw\/wp-json\/wp\/v2\/comments?post=131417"}],"version-history":[{"count":0,"href":"https:\/\/www.prwrestling.com\/nw\/wp-json\/wp\/v2\/posts\/131417\/revisions"}],"wp:featuredmedia":[{"embeddable":true,"href":"https:\/\/www.prwrestling.com\/nw\/wp-json\/wp\/v2\/media\/120885"}],"wp:attachment":[{"href":"https:\/\/www.prwrestling.com\/nw\/wp-json\/wp\/v2\/media?parent=131417"}],"wp:term":[{"taxonomy":"category","embeddable":true,"href":"https:\/\/www.prwrestling.com\/nw\/wp-json\/wp\/v2\/categories?post=131417"},{"taxonomy":"post_tag","embeddable":true,"href":"https:\/\/www.prwrestling.com\/nw\/wp-json\/wp\/v2\/tags?post=131417"}],"curies":[{"name":"wp","href":"https:\/\/api.w.org\/{rel}","templated":true}]}}