{"id":131426,"date":"2021-05-28T07:55:07","date_gmt":"2021-05-28T11:55:07","guid":{"rendered":"https:\/\/www.prwrestling.com\/nw\/?p=131426"},"modified":"2021-05-28T07:55:07","modified_gmt":"2021-05-28T11:55:07","slug":"rumor-sobre-posible-lucha-estelar-de-summerslam","status":"publish","type":"post","link":"https:\/\/www.prwrestling.com\/nw\/rumor-sobre-posible-lucha-estelar-de-summerslam\/","title":{"rendered":"Rumor sobre posible lucha estelar de SummerSlam"},"content":{"rendered":"<p>WWE a\u00fan no ha hecho un anuncio oficial sobre la fecha o el lugar de SummerSlam, pero esa informaci\u00f3n est\u00e1 en camino.<!--more--><div id=\"ad-slot\" style=\"min-width: 300px; min-height: 250px;\">\r\n<p style=\"text-align: center;\">\r\n<script async src=\"https:\/\/pagead2.googlesyndication.com\/pagead\/js\/adsbygoogle.js\"><\/script>\r\n<!-- 300x250 sc a -->\r\n<ins class=\"adsbygoogle\"\r\n     style=\"display:inline-block;width:300px;height:250px\"\r\n     data-ad-client=\"ca-pub-1244235910658811\"\r\n     data-ad-slot=\"8592682546\"><\/ins>\r\n<script>\r\n     (adsbygoogle = window.adsbygoogle || []).push({});\r\n<\/script><\/center>\r\n<\/p><\/div><br \/>\nSeg\u00fan el <a href=\"http:\/\/wrestlingobserver.com\" target=\"_blank\" rel=\"noopener\">Wrestling Observer Newsletter,<\/a> WWE est\u00e1 discutiendo la idea de un choque de Roman Reigns vs John Cena, presuntamente por el T\u00edtulo Universal en la &#8220;fiesta m\u00e1s grande del verano&#8221;.<\/p>\n<p>En este momento se desconoce qu\u00e9 tan avanzadas est\u00e1n esas conversaciones, pero Cena y WWE est\u00e1n en contacto entre s\u00ed y se ha rumorado desde la semana pasada que estar\u00e1 regresando pronto.<\/p>\n<p>Anteriormente se inform\u00f3 que John Cena est\u00e1 pautado para estar en el programa de SmackDown antes de Money in the Bank. Eso tampoco ha sido confirmado por la compa\u00f1\u00eda, pero parece que hay un par de posibles apariciones en el futuro de Cena.<br \/>\n<div id=\"ad-slot\" style=\"min-width: 300px; min-height: 250px;\"><p style=\"text-align: center;\">\r\n<script async src=\"https:\/\/pagead2.googlesyndication.com\/pagead\/js\/adsbygoogle.js\"><\/script>\r\n<!-- Responsive sc c -->\r\n<ins class=\"adsbygoogle\"\r\n     style=\"display:block\"\r\n     data-ad-client=\"ca-pub-1244235910658811\"\r\n     data-ad-slot=\"4234005358\"\r\n     data-ad-format=\"auto\"\r\n     data-full-width-responsive=\"true\"><\/ins>\r\n<script>\r\n     (adsbygoogle = window.adsbygoogle || []).push({});\r\n<\/script><\/p><\/div><br \/>\nLa pandemia hizo que John Cena se perdiera m\u00e1s de un a\u00f1o fuera de la WWE. Estaba filmando la serie Peacemaker de HBO Max en Canad\u00e1 durante la \u00e9poca de WrestleMania y no pudo asistir ni trabajar en Mania debido al estricto protocolo de reentrada de Canad\u00e1. Seg\u00fan los informes, Peacemaker concluye el rodaje el 7 de julio, lo que hace que sea muy posible que Cena pueda hacer algo con la WWE.<\/p>\n<p>Cena vs Reigns sucedi\u00f3 previamente en No Mercy 2017 poco antes de Cena marcharse de su estad\u00eda como luchador a tiempo completo en la WWE. Reigns fue el vencedor del combate.<\/p>\n","protected":false},"excerpt":{"rendered":"<p>WWE a\u00fan no ha hecho un anuncio oficial sobre la fecha o el lugar de SummerSlam, pero esa informaci\u00f3n est\u00e1 en camino.<\/p>\n","protected":false},"author":1,"featured_media":131427,"comment_status":"open","ping_status":"closed","sticky":false,"template":"","format":"standard","meta":{"footnotes":""},"categories":[5,38],"tags":[9],"class_list":{"0":"post-131426","1":"post","2":"type-post","3":"status-publish","4":"format-standard","5":"has-post-thumbnail","7":"category-noticias","8":"category-noticias-y-rumores-de-la-wwe","9":"tag-wwe"},"_links":{"self":[{"href":"https:\/\/www.prwrestling.com\/nw\/wp-json\/wp\/v2\/posts\/131426","targetHints":{"allow":["GET"]}}],"collection":[{"href":"https:\/\/www.prwrestling.com\/nw\/wp-json\/wp\/v2\/posts"}],"about":[{"href":"https:\/\/www.prwrestling.com\/nw\/wp-json\/wp\/v2\/types\/post"}],"author":[{"embeddable":true,"href":"https:\/\/www.prwrestling.com\/nw\/wp-json\/wp\/v2\/users\/1"}],"replies":[{"embeddable":true,"href":"https:\/\/www.prwrestling.com\/nw\/wp-json\/wp\/v2\/comments?post=131426"}],"version-history":[{"count":0,"href":"https:\/\/www.prwrestling.com\/nw\/wp-json\/wp\/v2\/posts\/131426\/revisions"}],"wp:featuredmedia":[{"embeddable":true,"href":"https:\/\/www.prwrestling.com\/nw\/wp-json\/wp\/v2\/media\/131427"}],"wp:attachment":[{"href":"https:\/\/www.prwrestling.com\/nw\/wp-json\/wp\/v2\/media?parent=131426"}],"wp:term":[{"taxonomy":"category","embeddable":true,"href":"https:\/\/www.prwrestling.com\/nw\/wp-json\/wp\/v2\/categories?post=131426"},{"taxonomy":"post_tag","embeddable":true,"href":"https:\/\/www.prwrestling.com\/nw\/wp-json\/wp\/v2\/tags?post=131426"}],"curies":[{"name":"wp","href":"https:\/\/api.w.org\/{rel}","templated":true}]}}