{"id":131493,"date":"2021-06-02T12:52:01","date_gmt":"2021-06-02T16:52:01","guid":{"rendered":"https:\/\/www.prwrestling.com\/nw\/?p=131493"},"modified":"2021-06-02T12:59:29","modified_gmt":"2021-06-02T16:59:29","slug":"strowman-black-y-lana-entre-grupo-de-talentos-liberados-por-la-wwe","status":"publish","type":"post","link":"https:\/\/www.prwrestling.com\/nw\/strowman-black-y-lana-entre-grupo-de-talentos-liberados-por-la-wwe\/","title":{"rendered":"Strowman, Black y Lana entre grupo de talentos liberados por la WWE"},"content":{"rendered":"<p>WWE contin\u00faa reduciendo su lista de talentos, anunciando el mi\u00e9rcoles que Braun Strowman, Aleister Black, Lana, Murphy, Ruby Riott y Santana Garrett han sido liberados.<!--more--><div id=\"ad-slot\" style=\"min-width: 300px; min-height: 250px;\">\r\n<p style=\"text-align: center;\">\r\n<script async src=\"https:\/\/pagead2.googlesyndication.com\/pagead\/js\/adsbygoogle.js\"><\/script>\r\n<!-- 300x250 sc a -->\r\n<ins class=\"adsbygoogle\"\r\n     style=\"display:inline-block;width:300px;height:250px\"\r\n     data-ad-client=\"ca-pub-1244235910658811\"\r\n     data-ad-slot=\"8592682546\"><\/ins>\r\n<script>\r\n     (adsbygoogle = window.adsbygoogle || []).push({});\r\n<\/script><\/center>\r\n<\/p><\/div><br \/>\nStrowman, de 37 a\u00f1os, fue visto por \u00faltima vez en el WrestleMania Backlash de mayo, compitiendo contra el Campe\u00f3n de la WWE Bobby Lashley y Drew McIntyre en una lucha de triple amenaza y hab\u00eda estado involucrado en la mezcla del evento principal de Raw durante varios meses.<\/p>\n<p>Aleister Black, quien reci\u00e9n hab\u00eda regresado a Smackdown, reaccion\u00f3 v\u00eda Twitter, mencionando que no vio venir su liberaci\u00f3n:<\/p>\n<blockquote class=\"twitter-tweet\">\n<p dir=\"ltr\" lang=\"en\">Im gathering my thoughts as this was a complete left field for me as obviously we just started the dark father character but this was it, thank you so much WWE universe for allowing me to create and give you small bits of myself.<\/p>\n<p>\u2014 Tommy End (@WWEAleister) <a href=\"https:\/\/twitter.com\/WWEAleister\/status\/1400112081060478979?ref_src=twsrc%5Etfw\" target=\"_blank\" rel=\"noopener\">June 2, 2021<\/a><\/p><\/blockquote>\n<p><script async src=\"https:\/\/platform.twitter.com\/widgets.js\" charset=\"utf-8\"><\/script><br \/>\nEstas liberaciones suceden mientras la empresa se encuentra en el proceso de recortes presupuestarios. Ya previamente hab\u00eda ocurrido una ronda de recortes de talento a mediados de abril, una ronda de recortes de talento a mediados de mayo y una serie de importantes salidas de oficinas \/ corporativas en mayo que fueron parte de una reestructuraci\u00f3n en la sede de la WWE.<\/p>\n","protected":false},"excerpt":{"rendered":"<p>WWE contin\u00faa reduciendo su lista de talentos, anunciando el mi\u00e9rcoles que Braun Strowman, Aleister Black, Lana, Murphy, Ruby Riott y Santana Garrett han sido liberados.<\/p>\n","protected":false},"author":1,"featured_media":122413,"comment_status":"open","ping_status":"closed","sticky":false,"template":"","format":"standard","meta":{"footnotes":""},"categories":[5,38],"tags":[],"class_list":{"0":"post-131493","1":"post","2":"type-post","3":"status-publish","4":"format-standard","5":"has-post-thumbnail","7":"category-noticias","8":"category-noticias-y-rumores-de-la-wwe"},"_links":{"self":[{"href":"https:\/\/www.prwrestling.com\/nw\/wp-json\/wp\/v2\/posts\/131493","targetHints":{"allow":["GET"]}}],"collection":[{"href":"https:\/\/www.prwrestling.com\/nw\/wp-json\/wp\/v2\/posts"}],"about":[{"href":"https:\/\/www.prwrestling.com\/nw\/wp-json\/wp\/v2\/types\/post"}],"author":[{"embeddable":true,"href":"https:\/\/www.prwrestling.com\/nw\/wp-json\/wp\/v2\/users\/1"}],"replies":[{"embeddable":true,"href":"https:\/\/www.prwrestling.com\/nw\/wp-json\/wp\/v2\/comments?post=131493"}],"version-history":[{"count":5,"href":"https:\/\/www.prwrestling.com\/nw\/wp-json\/wp\/v2\/posts\/131493\/revisions"}],"predecessor-version":[{"id":131499,"href":"https:\/\/www.prwrestling.com\/nw\/wp-json\/wp\/v2\/posts\/131493\/revisions\/131499"}],"wp:featuredmedia":[{"embeddable":true,"href":"https:\/\/www.prwrestling.com\/nw\/wp-json\/wp\/v2\/media\/122413"}],"wp:attachment":[{"href":"https:\/\/www.prwrestling.com\/nw\/wp-json\/wp\/v2\/media?parent=131493"}],"wp:term":[{"taxonomy":"category","embeddable":true,"href":"https:\/\/www.prwrestling.com\/nw\/wp-json\/wp\/v2\/categories?post=131493"},{"taxonomy":"post_tag","embeddable":true,"href":"https:\/\/www.prwrestling.com\/nw\/wp-json\/wp\/v2\/tags?post=131493"}],"curies":[{"name":"wp","href":"https:\/\/api.w.org\/{rel}","templated":true}]}}