{"id":131517,"date":"2021-06-03T18:13:33","date_gmt":"2021-06-03T22:13:33","guid":{"rendered":"https:\/\/www.prwrestling.com\/nw\/?p=131517"},"modified":"2021-06-03T18:13:33","modified_gmt":"2021-06-03T22:13:33","slug":"alexander-wolfe-comenta-sobre-el-despido-de-velveteen-dream","status":"publish","type":"post","link":"https:\/\/www.prwrestling.com\/nw\/alexander-wolfe-comenta-sobre-el-despido-de-velveteen-dream\/","title":{"rendered":"Alexander Wolfe comenta sobre el despido de Velveteen Dream"},"content":{"rendered":"<p>En una aparici\u00f3n en Wrestling Inc. Daily, se le pregunt\u00f3 a la ex estrella de NXT Alexander Wolfe sobre otra ex estrella de NXT, Velveteen Dream.<!--more--><div id=\"ad-slot\" style=\"min-width: 300px; min-height: 250px;\">\r\n<p style=\"text-align: center;\">\r\n<script async src=\"https:\/\/pagead2.googlesyndication.com\/pagead\/js\/adsbygoogle.js\"><\/script>\r\n<!-- 300x250 sc a -->\r\n<ins class=\"adsbygoogle\"\r\n     style=\"display:inline-block;width:300px;height:250px\"\r\n     data-ad-client=\"ca-pub-1244235910658811\"\r\n     data-ad-slot=\"8592682546\"><\/ins>\r\n<script>\r\n     (adsbygoogle = window.adsbygoogle || []).push({});\r\n<\/script><\/center>\r\n<\/p><\/div><br \/>\nDream fue despedido de la WWE luego de un a\u00f1o de acusaciones en su contra y Wolfe, quien se refiri\u00f3 a Dream como un &#8220;gran personaje&#8221;, dio a conocer sus sentimientos sobre las acusaciones.<\/p>\n<p>\u201cNo tuve una relaci\u00f3n personal con \u00e9l, pero estuve de gira con \u00e9l y luch\u00e9 con \u00e9l. Y siempre estuvo muy en su car\u00e1cter, incluso en la forma de &#8216;oye, los fan\u00e1ticos quieren obtener aut\u00f3grafos&#8217;. Pero se mantuvo en esa personalidad de rudo y dec\u00eda &#8216;no, gracias&#8217; y simplemente se alejaba. Simplemente se alej\u00f3 como si estuviera en el escenario. Pero tambi\u00e9n con eso, esta publicidad es totalmente una mi@rda, y si \u00e9l realmente hizo eso, tienes que demostrarlo. No puedes simplemente ser un chico en Internet, y hay mucha gente que simplemente acusa a alguien por el simple hecho de hacerse famoso. Tienes que ir a la polic\u00eda.<br \/>\n<div id=\"ad-slot\" style=\"min-width: 300px; min-height: 250px;\"><p style=\"text-align: center;\">\r\n<script async src=\"https:\/\/pagead2.googlesyndication.com\/pagead\/js\/adsbygoogle.js\"><\/script>\r\n<!-- Responsive sc c -->\r\n<ins class=\"adsbygoogle\"\r\n     style=\"display:block\"\r\n     data-ad-client=\"ca-pub-1244235910658811\"\r\n     data-ad-slot=\"4234005358\"\r\n     data-ad-format=\"auto\"\r\n     data-full-width-responsive=\"true\"><\/ins>\r\n<script>\r\n     (adsbygoogle = window.adsbygoogle || []).push({});\r\n<\/script><\/p><\/div><br \/>\n\u201cSi eso es algo, y tienes las capturas de pantalla de la conversaci\u00f3n, tienes que ir a la polic\u00eda. Tienes que ir a un abogado, tienes que ir a la corte y obt\u00e9n un juez y un jurado. De lo contrario, no puede tom\u00e1rselo en serio. En mi opini\u00f3n, siempre es as\u00ed. Hablas del movimiento Speaking Out, que fue la primera vez que se mencion\u00f3, hay mucha gente que fue despedida. Pero tambi\u00e9n hubo mucha gente acusada pero no despedida. Porque siempre hay una investigaci\u00f3n. Si te digo de inmediato &#8216;ya no puedes hacer tu podcast, porque eres un ladr\u00f3n&#8217;, tengo que demostrarlo, \u00bfverdad?,&#8221; expres\u00f3.<\/p>\n","protected":false},"excerpt":{"rendered":"<p>En una aparici\u00f3n en Wrestling Inc. Daily, se le pregunt\u00f3 a la ex estrella de NXT Alexander Wolfe sobre otra ex estrella de NXT, Velveteen Dream.<\/p>\n","protected":false},"author":1,"featured_media":131518,"comment_status":"open","ping_status":"closed","sticky":false,"template":"","format":"standard","meta":{"footnotes":""},"categories":[5,38],"tags":[],"class_list":{"0":"post-131517","1":"post","2":"type-post","3":"status-publish","4":"format-standard","5":"has-post-thumbnail","7":"category-noticias","8":"category-noticias-y-rumores-de-la-wwe"},"_links":{"self":[{"href":"https:\/\/www.prwrestling.com\/nw\/wp-json\/wp\/v2\/posts\/131517","targetHints":{"allow":["GET"]}}],"collection":[{"href":"https:\/\/www.prwrestling.com\/nw\/wp-json\/wp\/v2\/posts"}],"about":[{"href":"https:\/\/www.prwrestling.com\/nw\/wp-json\/wp\/v2\/types\/post"}],"author":[{"embeddable":true,"href":"https:\/\/www.prwrestling.com\/nw\/wp-json\/wp\/v2\/users\/1"}],"replies":[{"embeddable":true,"href":"https:\/\/www.prwrestling.com\/nw\/wp-json\/wp\/v2\/comments?post=131517"}],"version-history":[{"count":1,"href":"https:\/\/www.prwrestling.com\/nw\/wp-json\/wp\/v2\/posts\/131517\/revisions"}],"predecessor-version":[{"id":131519,"href":"https:\/\/www.prwrestling.com\/nw\/wp-json\/wp\/v2\/posts\/131517\/revisions\/131519"}],"wp:featuredmedia":[{"embeddable":true,"href":"https:\/\/www.prwrestling.com\/nw\/wp-json\/wp\/v2\/media\/131518"}],"wp:attachment":[{"href":"https:\/\/www.prwrestling.com\/nw\/wp-json\/wp\/v2\/media?parent=131517"}],"wp:term":[{"taxonomy":"category","embeddable":true,"href":"https:\/\/www.prwrestling.com\/nw\/wp-json\/wp\/v2\/categories?post=131517"},{"taxonomy":"post_tag","embeddable":true,"href":"https:\/\/www.prwrestling.com\/nw\/wp-json\/wp\/v2\/tags?post=131517"}],"curies":[{"name":"wp","href":"https:\/\/api.w.org\/{rel}","templated":true}]}}