{"id":131521,"date":"2021-06-03T22:54:06","date_gmt":"2021-06-04T02:54:06","guid":{"rendered":"https:\/\/www.prwrestling.com\/nw\/?p=131521"},"modified":"2021-06-03T22:54:06","modified_gmt":"2021-06-04T02:54:06","slug":"ex-wwe-llega-a-impact-wrestling","status":"publish","type":"post","link":"https:\/\/www.prwrestling.com\/nw\/ex-wwe-llega-a-impact-wrestling\/","title":{"rendered":"Ex WWE llega a Impact Wrestling"},"content":{"rendered":"<p>El primero de lo que podr\u00edan ser m\u00e1s nombres que vienen a Impact Wrestling hizo sentir su presencia el jueves cuando Steve Maclin debut\u00f3 en el programa a trav\u00e9s de una vi\u00f1eta.<!--more--><div id=\"ad-slot\" style=\"min-width: 300px; min-height: 250px;\">\r\n<p style=\"text-align: center;\">\r\n<script async src=\"https:\/\/pagead2.googlesyndication.com\/pagead\/js\/adsbygoogle.js\"><\/script>\r\n<!-- 300x250 sc a -->\r\n<ins class=\"adsbygoogle\"\r\n     style=\"display:inline-block;width:300px;height:250px\"\r\n     data-ad-client=\"ca-pub-1244235910658811\"\r\n     data-ad-slot=\"8592682546\"><\/ins>\r\n<script>\r\n     (adsbygoogle = window.adsbygoogle || []).push({});\r\n<\/script><\/center>\r\n<\/p><\/div><br \/>\nMaclin es el ex Steve Cutler en la WWE y el novio de la Campeona de Knockouts Deonna Purrazzo.<\/p>\n<p>El clip muestra a Maclin con los pies sobre un escritorio con algunos documentos, bebiendo whisky Jameson con m\u00fasica al estilo de Frank Sinatra. Luego mira a la c\u00e1mara y la pel\u00edcula cambia r\u00e1pidamente con un grito que se escucha. La pantalla de t\u00edtulo luego mostr\u00f3 &#8216;Maclin&#8217; y una calavera.<\/p>\n<p>Se desconoce su fecha de debut.<\/p>\n<p>Maclin era mejor conocido por ser parte de Forgotten Sons con Wesley Blake y Jaxson Ryker en NXT y WWE.<\/p>\n<blockquote class=\"twitter-tweet\">\n<p dir=\"ltr\" lang=\"en\">.<a href=\"https:\/\/twitter.com\/SteveMaclin?ref_src=twsrc%5Etfw\" target=\"_blank\" rel=\"noopener\">@SteveMaclin<\/a> &#8211; Coming Soon <a href=\"https:\/\/twitter.com\/hashtag\/IMPACTonAXSTV?src=hash&amp;ref_src=twsrc%5Etfw\" target=\"_blank\" rel=\"noopener\">#IMPACTonAXSTV<\/a> <a href=\"https:\/\/t.co\/mCwoU9ta42\">pic.twitter.com\/mCwoU9ta42<\/a><\/p>\n<p>\u2014 IMPACT (@IMPACTWRESTLING) <a href=\"https:\/\/twitter.com\/IMPACTWRESTLING\/status\/1400622832732758016?ref_src=twsrc%5Etfw\" target=\"_blank\" rel=\"noopener\">June 4, 2021<\/a><\/p><\/blockquote>\n<p><script async src=\"https:\/\/platform.twitter.com\/widgets.js\" charset=\"utf-8\"><\/script><\/p>\n","protected":false},"excerpt":{"rendered":"<p>El primero de lo que podr\u00edan ser m\u00e1s nombres que vienen a Impact Wrestling hizo sentir su presencia el jueves cuando Steve Maclin debut\u00f3 en el programa a trav\u00e9s de una vi\u00f1eta.<\/p>\n","protected":false},"author":1,"featured_media":129835,"comment_status":"open","ping_status":"closed","sticky":false,"template":"","format":"standard","meta":{"footnotes":""},"categories":[5,38],"tags":[],"class_list":{"0":"post-131521","1":"post","2":"type-post","3":"status-publish","4":"format-standard","5":"has-post-thumbnail","7":"category-noticias","8":"category-noticias-y-rumores-de-la-wwe"},"_links":{"self":[{"href":"https:\/\/www.prwrestling.com\/nw\/wp-json\/wp\/v2\/posts\/131521","targetHints":{"allow":["GET"]}}],"collection":[{"href":"https:\/\/www.prwrestling.com\/nw\/wp-json\/wp\/v2\/posts"}],"about":[{"href":"https:\/\/www.prwrestling.com\/nw\/wp-json\/wp\/v2\/types\/post"}],"author":[{"embeddable":true,"href":"https:\/\/www.prwrestling.com\/nw\/wp-json\/wp\/v2\/users\/1"}],"replies":[{"embeddable":true,"href":"https:\/\/www.prwrestling.com\/nw\/wp-json\/wp\/v2\/comments?post=131521"}],"version-history":[{"count":1,"href":"https:\/\/www.prwrestling.com\/nw\/wp-json\/wp\/v2\/posts\/131521\/revisions"}],"predecessor-version":[{"id":131522,"href":"https:\/\/www.prwrestling.com\/nw\/wp-json\/wp\/v2\/posts\/131521\/revisions\/131522"}],"wp:featuredmedia":[{"embeddable":true,"href":"https:\/\/www.prwrestling.com\/nw\/wp-json\/wp\/v2\/media\/129835"}],"wp:attachment":[{"href":"https:\/\/www.prwrestling.com\/nw\/wp-json\/wp\/v2\/media?parent=131521"}],"wp:term":[{"taxonomy":"category","embeddable":true,"href":"https:\/\/www.prwrestling.com\/nw\/wp-json\/wp\/v2\/categories?post=131521"},{"taxonomy":"post_tag","embeddable":true,"href":"https:\/\/www.prwrestling.com\/nw\/wp-json\/wp\/v2\/tags?post=131521"}],"curies":[{"name":"wp","href":"https:\/\/api.w.org\/{rel}","templated":true}]}}