{"id":131545,"date":"2021-06-05T09:37:18","date_gmt":"2021-06-05T13:37:18","guid":{"rendered":"https:\/\/www.prwrestling.com\/nw\/?p=131545"},"modified":"2021-06-05T09:37:18","modified_gmt":"2021-06-05T13:37:18","slug":"kurt-angle-amenazaba-a-vince-mcmahon-con-mensajes-de-textos","status":"publish","type":"post","link":"https:\/\/www.prwrestling.com\/nw\/kurt-angle-amenazaba-a-vince-mcmahon-con-mensajes-de-textos\/","title":{"rendered":"Kurt Angle amenazaba a Vince McMahon con mensajes de textos"},"content":{"rendered":"<p>En un episodio reciente de The Kurt Angle Show Podcast, el ex medallista de oro ol\u00edmpico habl\u00f3 sobre su tiempo en ECW en 2006 cuando WWE decidi\u00f3 revivir la compa\u00f1\u00eda.<!--more--><div id=\"ad-slot\" style=\"min-width: 300px; min-height: 250px;\">\r\n<p style=\"text-align: center;\">\r\n<!-- Site name: prwrestling.com\r\nZone name: prwrestling.com_banner_300x250\r\nZone id: 2109741734\r\nType: banner\r\nFormat: 300x250\r\n --> \r\n\r\n<!-- Copy and paste this code on the page. -->\r\n<div id='zone_2109741734' ><\/div>\r\n<script>\r\n    (function(w,d,o,g,r,a,m){\r\n        var cid='zone_2109741734';\r\n        w[r]=w[r]||function(){(w[r+'l']=w[r+'l']||[]).push(arguments)};\r\n        function e(b,w,r){if((w[r+'h']=b.pop())&&!w.ABN){\r\n            var a=d.createElement(o),p=d.getElementsByTagName(o)[0];a.async=1;\r\n            a.src='https:\/\/cdn.'+w[r+'h']+'\/libs\/e.js';a.onerror=function(){e(g,w,r)};\r\n            p.parentNode.insertBefore(a,p)}}e(g,w,r);\r\n        w[r](cid,{id:2109741734,domain:w[r+'h']});\r\n    })(window,document,'script',['traffmovie.com'],'ABNS');\r\n<\/script>\r\n\r\n<!--\r\nWhen setting the zone code, make sure:\r\n  - you have provided all domains from which the area code will be called\r\n  - the site does not limit the loading in the Content Security Policy\r\n  - the area code is installed in the ad space inside the page\r\n  - site layout allows you to display the banner on mobile devices in full size\r\nUse data-cp1={customParam1} data-cp2={customParam2}... attributes for sending custom params\r\n-->\r\n<\/p><\/div><br \/>\nDesafortunadamente para Angle y la WWE, 2006 ser\u00eda la \u00faltima vez que Kurt mostrar\u00eda su rostro en la WWE hasta su regreso en 2017 para ser incluido en el Sal\u00f3n de la Fama y ser el Gerente General de RAW.<\/p>\n<p>Angle habl\u00f3 sobre su tiempo como uno oscuro en su vida, diciendo que estaba lidiando con su problema de analg\u00e9sicos, lo que hizo que le enviara mensajes de texto desagradables a Vince en varias ocasiones.<\/p>\n<p>\u201cHasta 2006 est\u00e1bamos bastante unidos, pero mi comportamiento se volvi\u00f3 err\u00e1tico\u201d, dijo Angle. \u201cEmpec\u00e9 a comportarme fuera de control, envi\u00e1ndole mensajes de texto a Vince amenazando con darle una paliza. Ten\u00eda el problema con los analg\u00e9sicos que nadie conoc\u00eda, estaba muy lesionado y no pod\u00eda tomarme tiempo libre porque muchos de los otros talentos estaban lesionados, muchos de los mejores. Estaba ah\u00ed para mantener el producto intacto y mentalmente me estaba perdiendo. Le estaba enviando mensajes de texto a Vince cada vez m\u00e1s y \u00e9l no respond\u00eda y eso me molestaba a\u00fan m\u00e1s. Despu\u00e9s de unirme a ECW, empeor\u00f3 a\u00fan m\u00e1s &#8220;.<br \/>\n<div id=\"ad-slot\" style=\"min-width: 300px; min-height: 250px;\"><p style=\"text-align: center;\">\r\n<script async src=\"https:\/\/pagead2.googlesyndication.com\/pagead\/js\/adsbygoogle.js\"><\/script>\r\n<!-- Responsive sc c -->\r\n<ins class=\"adsbygoogle\"\r\n     style=\"display:block\"\r\n     data-ad-client=\"ca-pub-1244235910658811\"\r\n     data-ad-slot=\"4234005358\"\r\n     data-ad-format=\"auto\"\r\n     data-full-width-responsive=\"true\"><\/ins>\r\n<script>\r\n     (adsbygoogle = window.adsbygoogle || []).push({});\r\n<\/script><\/p><\/div><br \/>\n\u201cCuando fui a una reuni\u00f3n con Vince despu\u00e9s de que decid\u00ed irme despu\u00e9s de ECW, \u00e9l ten\u00eda una lista completa de mensajes de texto y los leo diciendo &#8216;Dios, no recuerdo haber enviado estos mensajes de texto.&#8221;<\/p>\n<p>&#8220;Eran realmente gr\u00e1ficos. \u2018Te voy a dar una paliza. \u201dAlgunos de los mensajes de texto no ten\u00edan sentido, probablemente estaba drogado con analg\u00e9sicos cuando los envi\u00e9, era simplemente rid\u00edculo. Estaba asombrado, recuerdo haber visto estos textos dici\u00e9ndome \u2018no recuerdo haber dicho nada de esto\u2019. Fue una mala situaci\u00f3n,&#8221; dijo.<\/p>\n","protected":false},"excerpt":{"rendered":"<p>En un episodio reciente de The Kurt Angle Show Podcast, el ex medallista de oro ol\u00edmpico habl\u00f3 sobre su tiempo en ECW en 2006 cuando WWE decidi\u00f3 revivir la compa\u00f1\u00eda.<\/p>\n","protected":false},"author":1,"featured_media":131547,"comment_status":"open","ping_status":"closed","sticky":false,"template":"","format":"standard","meta":{"footnotes":""},"categories":[5,38],"tags":[1660,9],"class_list":["post-131545","post","type-post","status-publish","format-standard","has-post-thumbnail","category-noticias","category-noticias-y-rumores-de-la-wwe","tag-kurt-angle","tag-wwe"],"_links":{"self":[{"href":"https:\/\/www.prwrestling.com\/nw\/wp-json\/wp\/v2\/posts\/131545","targetHints":{"allow":["GET"]}}],"collection":[{"href":"https:\/\/www.prwrestling.com\/nw\/wp-json\/wp\/v2\/posts"}],"about":[{"href":"https:\/\/www.prwrestling.com\/nw\/wp-json\/wp\/v2\/types\/post"}],"author":[{"embeddable":true,"href":"https:\/\/www.prwrestling.com\/nw\/wp-json\/wp\/v2\/users\/1"}],"replies":[{"embeddable":true,"href":"https:\/\/www.prwrestling.com\/nw\/wp-json\/wp\/v2\/comments?post=131545"}],"version-history":[{"count":0,"href":"https:\/\/www.prwrestling.com\/nw\/wp-json\/wp\/v2\/posts\/131545\/revisions"}],"wp:featuredmedia":[{"embeddable":true,"href":"https:\/\/www.prwrestling.com\/nw\/wp-json\/wp\/v2\/media\/131547"}],"wp:attachment":[{"href":"https:\/\/www.prwrestling.com\/nw\/wp-json\/wp\/v2\/media?parent=131545"}],"wp:term":[{"taxonomy":"category","embeddable":true,"href":"https:\/\/www.prwrestling.com\/nw\/wp-json\/wp\/v2\/categories?post=131545"},{"taxonomy":"post_tag","embeddable":true,"href":"https:\/\/www.prwrestling.com\/nw\/wp-json\/wp\/v2\/tags?post=131545"}],"curies":[{"name":"wp","href":"https:\/\/api.w.org\/{rel}","templated":true}]}}