{"id":131702,"date":"2021-06-16T22:24:56","date_gmt":"2021-06-17T02:24:56","guid":{"rendered":"https:\/\/www.prwrestling.com\/nw\/?p=131702"},"modified":"2021-06-16T22:24:56","modified_gmt":"2021-06-17T02:24:56","slug":"lashley-revela-nunca-perdio-contacto-con-vince-en-su-tiempo-fuera-de-wwe","status":"publish","type":"post","link":"https:\/\/www.prwrestling.com\/nw\/lashley-revela-nunca-perdio-contacto-con-vince-en-su-tiempo-fuera-de-wwe\/","title":{"rendered":"Lashley revela nunca perdi\u00f3 contacto con Vince en su tiempo fuera de WWE"},"content":{"rendered":"<p>Bobby Lashley ha estado haciendo las rondas en los medios para promover el evento de WWE Hell in a Cell del domingo, donde defender\u00e1 el t\u00edtulo contra Drew McIntyre.<!--more--><\/p>\n<p>Mientras hablaba con Fightful, Lashley habl\u00f3 sobre su relaci\u00f3n con el presidente de la WWE, Vince McMahon durante los a\u00f1os que estuvo fuera de la WWE.<div id=\"ad-slot\" style=\"min-width: 300px; min-height: 250px;\"><p style=\"text-align: center;\">\r\n<script async src=\"https:\/\/pagead2.googlesyndication.com\/pagead\/js\/adsbygoogle.js\"><\/script>\r\n<!-- Responsive sc c -->\r\n<ins class=\"adsbygoogle\"\r\n     style=\"display:block\"\r\n     data-ad-client=\"ca-pub-1244235910658811\"\r\n     data-ad-slot=\"4234005358\"\r\n     data-ad-format=\"auto\"\r\n     data-full-width-responsive=\"true\"><\/ins>\r\n<script>\r\n     (adsbygoogle = window.adsbygoogle || []).push({});\r\n<\/script><\/p><\/div><br \/>\n\u201cMe gustaba mucho [MMA], pero hab\u00eda ocasiones en las que Vince se comunicaba conmigo y me enviaba un mensaje de texto aqu\u00ed y all\u00e1. Siempre hemos tenido ese v\u00ednculo com\u00fan y esa mentalidad de hacer ejercicio. Ven\u00eda a Denver y dec\u00eda: &#8216;Estar\u00e9 en Denver, tenemos que hacer ejercicios&#8217;.<\/p>\n<p>&#8220;En realidad, nunca lo hicimos, pero era una broma\u00a0 recurrente y una posibilidad de la que hemos hablado varias veces.\u00a0 No era una de esas cosas en las que hablamos constantemente, solo algunos mensajes de texto durante los diez u once a\u00f1os que estuve fuera &#8220;, dijo Lashley.<\/p>\n","protected":false},"excerpt":{"rendered":"<p>Bobby Lashley ha estado haciendo las rondas en los medios para promover el evento de WWE Hell in a Cell del domingo, donde defender\u00e1 el t\u00edtulo contra Drew McIntyre.<\/p>\n","protected":false},"author":1,"featured_media":106732,"comment_status":"open","ping_status":"closed","sticky":false,"template":"","format":"standard","meta":{"footnotes":""},"categories":[5,38],"tags":[2948],"class_list":{"0":"post-131702","1":"post","2":"type-post","3":"status-publish","4":"format-standard","5":"has-post-thumbnail","7":"category-noticias","8":"category-noticias-y-rumores-de-la-wwe","9":"tag-bobby-lashley"},"_links":{"self":[{"href":"https:\/\/www.prwrestling.com\/nw\/wp-json\/wp\/v2\/posts\/131702","targetHints":{"allow":["GET"]}}],"collection":[{"href":"https:\/\/www.prwrestling.com\/nw\/wp-json\/wp\/v2\/posts"}],"about":[{"href":"https:\/\/www.prwrestling.com\/nw\/wp-json\/wp\/v2\/types\/post"}],"author":[{"embeddable":true,"href":"https:\/\/www.prwrestling.com\/nw\/wp-json\/wp\/v2\/users\/1"}],"replies":[{"embeddable":true,"href":"https:\/\/www.prwrestling.com\/nw\/wp-json\/wp\/v2\/comments?post=131702"}],"version-history":[{"count":1,"href":"https:\/\/www.prwrestling.com\/nw\/wp-json\/wp\/v2\/posts\/131702\/revisions"}],"predecessor-version":[{"id":131703,"href":"https:\/\/www.prwrestling.com\/nw\/wp-json\/wp\/v2\/posts\/131702\/revisions\/131703"}],"wp:featuredmedia":[{"embeddable":true,"href":"https:\/\/www.prwrestling.com\/nw\/wp-json\/wp\/v2\/media\/106732"}],"wp:attachment":[{"href":"https:\/\/www.prwrestling.com\/nw\/wp-json\/wp\/v2\/media?parent=131702"}],"wp:term":[{"taxonomy":"category","embeddable":true,"href":"https:\/\/www.prwrestling.com\/nw\/wp-json\/wp\/v2\/categories?post=131702"},{"taxonomy":"post_tag","embeddable":true,"href":"https:\/\/www.prwrestling.com\/nw\/wp-json\/wp\/v2\/tags?post=131702"}],"curies":[{"name":"wp","href":"https:\/\/api.w.org\/{rel}","templated":true}]}}