{"id":131762,"date":"2021-06-21T14:39:52","date_gmt":"2021-06-21T18:39:52","guid":{"rendered":"https:\/\/www.prwrestling.com\/nw\/?p=131762"},"modified":"2021-06-21T14:42:07","modified_gmt":"2021-06-21T18:42:07","slug":"rumor-posible-oponente-de-edge-para-summerslam","status":"publish","type":"post","link":"https:\/\/www.prwrestling.com\/nw\/rumor-posible-oponente-de-edge-para-summerslam\/","title":{"rendered":"Rumor: Posible oponente de Edge para SummerSlam"},"content":{"rendered":"<p>WWE est\u00e1 planeando una edici\u00f3n grande SummerSlam en la que contar\u00e1n con miles de fans en vivo. <!--more--><div id=\"ad-slot\" style=\"min-width: 300px; min-height: 250px;\">\r\n<p style=\"text-align: center;\">\r\n<script async src=\"https:\/\/pagead2.googlesyndication.com\/pagead\/js\/adsbygoogle.js\"><\/script>\r\n<!-- 300x250 sc a -->\r\n<ins class=\"adsbygoogle\"\r\n     style=\"display:inline-block;width:300px;height:250px\"\r\n     data-ad-client=\"ca-pub-1244235910658811\"\r\n     data-ad-slot=\"8592682546\"><\/ins>\r\n<script>\r\n     (adsbygoogle = window.adsbygoogle || []).push({});\r\n<\/script><\/center>\r\n<\/p><\/div><br \/>\nAnteriormente se inform\u00f3 que se espera que Edge regrese a la televisi\u00f3n de la WWE como babyface y tendr\u00e1 un oponente para SummerSlam.<\/p>\n<p>Wrestle Votes informa que Edge est\u00e1 programado para enfrentarse a Seth Rollins en el evento. Esto explica la victoria \u201climpia\u201d de Rollins anoche ante Cesaro en Hell in a Cell, lo que pareci\u00f3 ser el fin de esa ri\u00f1a.<\/p>\n<blockquote class=\"twitter-tweet\">\n<p dir=\"ltr\" lang=\"en\">Along w\/ Roman Reigns vs John Cena for SummerSlam, WWE is planning on stacking the SmackDown side with another major matchup. Source says idea as of now is for a Seth Rollins vs Edge first time ever match.<\/p>\n<p>\u2014 WrestleVotes (@WrestleVotes) <a href=\"https:\/\/twitter.com\/WrestleVotes\/status\/1407025028177219586?ref_src=twsrc%5Etfw\" target=\"_blank\" rel=\"noopener\">June 21, 2021<\/a><\/p><\/blockquote>\n<p><script async src=\"https:\/\/platform.twitter.com\/widgets.js\" charset=\"utf-8\"><\/script><br \/>\nHasta el momento se rumora que Roman Reigns vs John Cena es otra lucha en planes para el evento, y tal parece que Seth Rollins vs Edge por primera vez ser\u00e1 otra de las grandes.<\/p>\n<p>SummerSlam se celebra el 21 de agosto.<br \/>\n<div id=\"ad-slot\" style=\"min-width: 300px; min-height: 250px;\"><p style=\"text-align: center;\">\r\n<script async src=\"https:\/\/pagead2.googlesyndication.com\/pagead\/js\/adsbygoogle.js\"><\/script>\r\n<!-- Responsive sc c -->\r\n<ins class=\"adsbygoogle\"\r\n     style=\"display:block\"\r\n     data-ad-client=\"ca-pub-1244235910658811\"\r\n     data-ad-slot=\"4234005358\"\r\n     data-ad-format=\"auto\"\r\n     data-full-width-responsive=\"true\"><\/ins>\r\n<script>\r\n     (adsbygoogle = window.adsbygoogle || []).push({});\r\n<\/script><\/p><\/div><\/p>\n<h2>\u00bfOwens fuera por un tiempo?<\/h2>\n<p>Kevin Owens se dirigi\u00f3 a Twitter esta ma\u00f1ana y emiti\u00f3 una declaraci\u00f3n a los fan\u00e1ticos, indicando que podr\u00eda estar tomando un tiempo fuera de la WWE.<\/p>\n<blockquote class=\"twitter-tweet\">\n<p dir=\"ltr\" lang=\"en\">I fought like hell.<br \/>\nNow, I need a little break.<br \/>\nI\u2019ll be back soon.<\/p>\n<p>Thank you, guys.<\/p>\n<p>\u2014 Kevin (@FightOwensFight) <a href=\"https:\/\/twitter.com\/FightOwensFight\/status\/1406984068261163010?ref_src=twsrc%5Etfw\" target=\"_blank\" rel=\"noopener\">June 21, 2021<\/a><\/p><\/blockquote>\n<p><script async src=\"https:\/\/platform.twitter.com\/widgets.js\" charset=\"utf-8\"><\/script><\/p>\n","protected":false},"excerpt":{"rendered":"<p>WWE est\u00e1 planeando una edici\u00f3n grande SummerSlam en la que contar\u00e1n con miles de fans en vivo.<\/p>\n","protected":false},"author":1,"featured_media":127292,"comment_status":"open","ping_status":"closed","sticky":false,"template":"","format":"standard","meta":{"footnotes":""},"categories":[5,38],"tags":[1464],"class_list":{"0":"post-131762","1":"post","2":"type-post","3":"status-publish","4":"format-standard","5":"has-post-thumbnail","7":"category-noticias","8":"category-noticias-y-rumores-de-la-wwe","9":"tag-edge"},"_links":{"self":[{"href":"https:\/\/www.prwrestling.com\/nw\/wp-json\/wp\/v2\/posts\/131762","targetHints":{"allow":["GET"]}}],"collection":[{"href":"https:\/\/www.prwrestling.com\/nw\/wp-json\/wp\/v2\/posts"}],"about":[{"href":"https:\/\/www.prwrestling.com\/nw\/wp-json\/wp\/v2\/types\/post"}],"author":[{"embeddable":true,"href":"https:\/\/www.prwrestling.com\/nw\/wp-json\/wp\/v2\/users\/1"}],"replies":[{"embeddable":true,"href":"https:\/\/www.prwrestling.com\/nw\/wp-json\/wp\/v2\/comments?post=131762"}],"version-history":[{"count":3,"href":"https:\/\/www.prwrestling.com\/nw\/wp-json\/wp\/v2\/posts\/131762\/revisions"}],"predecessor-version":[{"id":131766,"href":"https:\/\/www.prwrestling.com\/nw\/wp-json\/wp\/v2\/posts\/131762\/revisions\/131766"}],"wp:featuredmedia":[{"embeddable":true,"href":"https:\/\/www.prwrestling.com\/nw\/wp-json\/wp\/v2\/media\/127292"}],"wp:attachment":[{"href":"https:\/\/www.prwrestling.com\/nw\/wp-json\/wp\/v2\/media?parent=131762"}],"wp:term":[{"taxonomy":"category","embeddable":true,"href":"https:\/\/www.prwrestling.com\/nw\/wp-json\/wp\/v2\/categories?post=131762"},{"taxonomy":"post_tag","embeddable":true,"href":"https:\/\/www.prwrestling.com\/nw\/wp-json\/wp\/v2\/tags?post=131762"}],"curies":[{"name":"wp","href":"https:\/\/api.w.org\/{rel}","templated":true}]}}