{"id":131856,"date":"2021-06-29T15:48:11","date_gmt":"2021-06-29T19:48:11","guid":{"rendered":"https:\/\/www.prwrestling.com\/nw\/?p=131856"},"modified":"2021-06-29T15:48:11","modified_gmt":"2021-06-29T19:48:11","slug":"adam-cole-dice-talentos-de-nxt-estan-al-mismo-nivel-que-los-de-raw-y-smackdown","status":"publish","type":"post","link":"https:\/\/www.prwrestling.com\/nw\/adam-cole-dice-talentos-de-nxt-estan-al-mismo-nivel-que-los-de-raw-y-smackdown\/","title":{"rendered":"Adam Cole dice talentos de NXT est\u00e1n al mismo nivel que los de Raw y Smackdown"},"content":{"rendered":"<p>Adam Cole fue el invitado especial en la \u00faltima edici\u00f3n de WWE After the Bell con Corey Graves y habl\u00f3 sobre su actual campa\u00f1a dentro de NXT.<!--more--><div id=\"ad-slot\" style=\"min-width: 300px; min-height: 250px;\">\r\n<p style=\"text-align: center;\">\r\n<script async src=\"https:\/\/pagead2.googlesyndication.com\/pagead\/js\/adsbygoogle.js\"><\/script>\r\n<!-- 300x250 sc a -->\r\n<ins class=\"adsbygoogle\"\r\n     style=\"display:inline-block;width:300px;height:250px\"\r\n     data-ad-client=\"ca-pub-1244235910658811\"\r\n     data-ad-slot=\"8592682546\"><\/ins>\r\n<script>\r\n     (adsbygoogle = window.adsbygoogle || []).push({});\r\n<\/script><\/center>\r\n<\/p><\/div><br \/>\nCole coment\u00f3 sobre la idea de que NXT sigue siendo una marca de desarrollo para WWE y\u00a0dijo que no entiende por qu\u00e9 la gente todav\u00eda piensa en NXT como un todo es un sitio de desarrollo, y explica por qu\u00e9 cree que todos en la lucha libre siempre deben tratar de desarrollarse y aprender.<\/p>\n<p>&#8220;Me molesta mucho hasta cierto punto&#8221;, dijo Cole. \u201cTrato de ser un tipo con el vaso medio lleno de muchas maneras, as\u00ed que creo que hay un aspecto en NXT o en el Performance Center donde, por supuesto, hay desarrollo. Donde hay personas que son contratadas con experiencia en lucha libre, sin experiencia en lucha libre, con el proceso de llegar con suerte a ese punto en el que terminan en la televisi\u00f3n NXT.<br \/>\n<div id=\"ad-slot\" style=\"min-width: 300px; min-height: 250px;\"><p style=\"text-align: center;\">\r\n<script async src=\"https:\/\/pagead2.googlesyndication.com\/pagead\/js\/adsbygoogle.js\"><\/script>\r\n<!-- Responsive sc c -->\r\n<ins class=\"adsbygoogle\"\r\n     style=\"display:block\"\r\n     data-ad-client=\"ca-pub-1244235910658811\"\r\n     data-ad-slot=\"4234005358\"\r\n     data-ad-format=\"auto\"\r\n     data-full-width-responsive=\"true\"><\/ins>\r\n<script>\r\n     (adsbygoogle = window.adsbygoogle || []).push({});\r\n<\/script><\/p><\/div><br \/>\n\u201cDecir que el roster de los muchachos de NXT, en lo que respecta al desarrollo, realmente creo que estamos al mismo nivel que los muchachos de RAW y que los de SmackDown. El proceso de desarrollo es algo que ocurre todo el tiempo.<\/p>\n<p>&#8220;He estado luchando durante 13 a\u00f1os y me he estado desarrollando constantemente, nunca quiero salir del desarrollo. Es genial para m\u00ed estar cerca de tipos como Shawn Michaels o Triple H o Matt Bloom, a quienes ellos mismos est\u00e1n muy abiertos a admitir que todav\u00eda est\u00e1n aprendiendo. Y si esas personas est\u00e1n abiertos a aprender, definitivamente ser\u00e1 mejor que estemos abiertos a ello. Siempre he mantenido esa mentalidad y el proceso de pensamiento de que si no estoy mejorando cada a\u00f1o y cada lucha, entonces tengo que salir de esto. Me estoy desarrollando con orgullo en ese sentido,&#8221; dijo.<\/p>\n","protected":false},"excerpt":{"rendered":"<p>Adam Cole fue el invitado especial en la \u00faltima edici\u00f3n de WWE After the Bell con Corey Graves y habl\u00f3 sobre su actual campa\u00f1a dentro de NXT.<\/p>\n","protected":false},"author":1,"featured_media":131857,"comment_status":"open","ping_status":"closed","sticky":false,"template":"","format":"standard","meta":{"footnotes":""},"categories":[5,38],"tags":[1900,9],"class_list":{"0":"post-131856","1":"post","2":"type-post","3":"status-publish","4":"format-standard","5":"has-post-thumbnail","7":"category-noticias","8":"category-noticias-y-rumores-de-la-wwe","9":"tag-adam-cole","10":"tag-wwe"},"_links":{"self":[{"href":"https:\/\/www.prwrestling.com\/nw\/wp-json\/wp\/v2\/posts\/131856","targetHints":{"allow":["GET"]}}],"collection":[{"href":"https:\/\/www.prwrestling.com\/nw\/wp-json\/wp\/v2\/posts"}],"about":[{"href":"https:\/\/www.prwrestling.com\/nw\/wp-json\/wp\/v2\/types\/post"}],"author":[{"embeddable":true,"href":"https:\/\/www.prwrestling.com\/nw\/wp-json\/wp\/v2\/users\/1"}],"replies":[{"embeddable":true,"href":"https:\/\/www.prwrestling.com\/nw\/wp-json\/wp\/v2\/comments?post=131856"}],"version-history":[{"count":0,"href":"https:\/\/www.prwrestling.com\/nw\/wp-json\/wp\/v2\/posts\/131856\/revisions"}],"wp:featuredmedia":[{"embeddable":true,"href":"https:\/\/www.prwrestling.com\/nw\/wp-json\/wp\/v2\/media\/131857"}],"wp:attachment":[{"href":"https:\/\/www.prwrestling.com\/nw\/wp-json\/wp\/v2\/media?parent=131856"}],"wp:term":[{"taxonomy":"category","embeddable":true,"href":"https:\/\/www.prwrestling.com\/nw\/wp-json\/wp\/v2\/categories?post=131856"},{"taxonomy":"post_tag","embeddable":true,"href":"https:\/\/www.prwrestling.com\/nw\/wp-json\/wp\/v2\/tags?post=131856"}],"curies":[{"name":"wp","href":"https:\/\/api.w.org\/{rel}","templated":true}]}}