{"id":132003,"date":"2021-07-12T17:35:05","date_gmt":"2021-07-12T21:35:05","guid":{"rendered":"https:\/\/www.prwrestling.com\/nw\/?p=132003"},"modified":"2021-07-12T17:37:58","modified_gmt":"2021-07-12T21:37:58","slug":"arturo-ruas-dice-la-pandemia-termino-con-raw-underground","status":"publish","type":"post","link":"https:\/\/www.prwrestling.com\/nw\/arturo-ruas-dice-la-pandemia-termino-con-raw-underground\/","title":{"rendered":"Arturo Ruas dice la pandemia termin\u00f3 con Raw Underground"},"content":{"rendered":"<p>Wrestling Inc. habl\u00f3 con Adrian Jaoude (Arturo Ruas en WWE) sobre su tiempo en RAW Underground.<!--more--><div id=\"ad-slot\" style=\"min-width: 300px; min-height: 250px;\">\r\n<p style=\"text-align: center;\">\r\n<!-- Site name: prwrestling.com\r\nZone name: prwrestling.com_banner_300x250\r\nZone id: 2109741734\r\nType: banner\r\nFormat: 300x250\r\n --> \r\n\r\n<!-- Copy and paste this code on the page. -->\r\n<div id='zone_2109741734' ><\/div>\r\n<script>\r\n    (function(w,d,o,g,r,a,m){\r\n        var cid='zone_2109741734';\r\n        w[r]=w[r]||function(){(w[r+'l']=w[r+'l']||[]).push(arguments)};\r\n        function e(b,w,r){if((w[r+'h']=b.pop())&&!w.ABN){\r\n            var a=d.createElement(o),p=d.getElementsByTagName(o)[0];a.async=1;\r\n            a.src='https:\/\/cdn.'+w[r+'h']+'\/libs\/e.js';a.onerror=function(){e(g,w,r)};\r\n            p.parentNode.insertBefore(a,p)}}e(g,w,r);\r\n        w[r](cid,{id:2109741734,domain:w[r+'h']});\r\n    })(window,document,'script',['traffmovie.com'],'ABNS');\r\n<\/script>\r\n\r\n<!--\r\nWhen setting the zone code, make sure:\r\n  - you have provided all domains from which the area code will be called\r\n  - the site does not limit the loading in the Content Security Policy\r\n  - the area code is installed in the ad space inside the page\r\n  - site layout allows you to display the banner on mobile devices in full size\r\nUse data-cp1={customParam1} data-cp2={customParam2}... attributes for sending custom params\r\n-->\r\n<\/p><\/div><br \/>\nSe le pregunt\u00f3 a Jaoude qu\u00e9 le dijeron sobre los planes iniciales de RAW Underground y este habl\u00f3 sobre el comienzo y lo que caus\u00f3 el final.<\/p>\n<p>\u201cYo, como t\u00fa, sab\u00eda de estas cosas mientras estaban sucediendo. Escuch\u00e9 que estaban trayendo un segmento que iba a tener algunas vibras de pelea callejera \u201d, revel\u00f3 Jaoude. \u201cTra\u00edan a personas con antecedentes leg\u00edtimos para que tuvieran un dise\u00f1o diferente de una lucha. Bajaron las cuerdas y dijeron que trajeran ropa de calle para usar y tener vibra de calle, y lo entend\u00ed. Entonces, cuando llegu\u00e9 a RAW y lo vi, pens\u00e9, est\u00e1 bien, lo entiendo. Ser\u00e1 algo real y todos los combates fueron cortos y las interacciones fueron reales, ten\u00edas que hacerlo al 100%.<\/p>\n<p>\u201cEso fue RAW Underground. RAW Underground fue totalmente diferente a lo que vemos en los combates de lucha libre profesional. Me divert\u00ed mucho haci\u00e9ndolo y tuve la oportunidad de hablar con mucha gente y fue muy bueno estar all\u00ed. Me divert\u00ed mucho en el programa.&#8221;<br \/>\n<div id=\"ad-slot\" style=\"min-width: 300px; min-height: 250px;\"><p style=\"text-align: center;\">\r\n<script async src=\"https:\/\/pagead2.googlesyndication.com\/pagead\/js\/adsbygoogle.js\"><\/script>\r\n<!-- Responsive sc c -->\r\n<ins class=\"adsbygoogle\"\r\n     style=\"display:block\"\r\n     data-ad-client=\"ca-pub-1244235910658811\"\r\n     data-ad-slot=\"4234005358\"\r\n     data-ad-format=\"auto\"\r\n     data-full-width-responsive=\"true\"><\/ins>\r\n<script>\r\n     (adsbygoogle = window.adsbygoogle || []).push({});\r\n<\/script><\/p><\/div><br \/>\n&#8220;Se supon\u00eda que iba a ser algo de todo el tiempo, pero la pandemia apesta y la pandemia cambi\u00f3 la vida de millones de personas. As\u00ed que RAW Underground muri\u00f3 a causa de la pandemia,&#8221; dijo.<br \/>\n<iframe loading=\"lazy\" width=\"640\" height=\"360\" src=\"https:\/\/www.youtube.com\/embed\/KiRFZLtvuz8\" title=\"YouTube video player\" frameborder=\"0\" allow=\"accelerometer; autoplay; clipboard-write; encrypted-media; gyroscope; picture-in-picture\" allowfullscreen><\/iframe><\/p>\n","protected":false},"excerpt":{"rendered":"<p>Wrestling Inc. habl\u00f3 con Adrian Jaoude (Arturo Ruas en WWE) sobre su tiempo en RAW Underground.<\/p>\n","protected":false},"author":1,"featured_media":132004,"comment_status":"open","ping_status":"closed","sticky":false,"template":"","format":"standard","meta":{"footnotes":""},"categories":[5,38],"tags":[7185,9],"class_list":["post-132003","post","type-post","status-publish","format-standard","has-post-thumbnail","category-noticias","category-noticias-y-rumores-de-la-wwe","tag-arturo-ruas","tag-wwe"],"_links":{"self":[{"href":"https:\/\/www.prwrestling.com\/nw\/wp-json\/wp\/v2\/posts\/132003","targetHints":{"allow":["GET"]}}],"collection":[{"href":"https:\/\/www.prwrestling.com\/nw\/wp-json\/wp\/v2\/posts"}],"about":[{"href":"https:\/\/www.prwrestling.com\/nw\/wp-json\/wp\/v2\/types\/post"}],"author":[{"embeddable":true,"href":"https:\/\/www.prwrestling.com\/nw\/wp-json\/wp\/v2\/users\/1"}],"replies":[{"embeddable":true,"href":"https:\/\/www.prwrestling.com\/nw\/wp-json\/wp\/v2\/comments?post=132003"}],"version-history":[{"count":1,"href":"https:\/\/www.prwrestling.com\/nw\/wp-json\/wp\/v2\/posts\/132003\/revisions"}],"predecessor-version":[{"id":132005,"href":"https:\/\/www.prwrestling.com\/nw\/wp-json\/wp\/v2\/posts\/132003\/revisions\/132005"}],"wp:featuredmedia":[{"embeddable":true,"href":"https:\/\/www.prwrestling.com\/nw\/wp-json\/wp\/v2\/media\/132004"}],"wp:attachment":[{"href":"https:\/\/www.prwrestling.com\/nw\/wp-json\/wp\/v2\/media?parent=132003"}],"wp:term":[{"taxonomy":"category","embeddable":true,"href":"https:\/\/www.prwrestling.com\/nw\/wp-json\/wp\/v2\/categories?post=132003"},{"taxonomy":"post_tag","embeddable":true,"href":"https:\/\/www.prwrestling.com\/nw\/wp-json\/wp\/v2\/tags?post=132003"}],"curies":[{"name":"wp","href":"https:\/\/api.w.org\/{rel}","templated":true}]}}