{"id":132176,"date":"2021-07-30T09:32:35","date_gmt":"2021-07-30T13:32:35","guid":{"rendered":"https:\/\/www.prwrestling.com\/nw\/?p=132176"},"modified":"2021-07-30T09:32:35","modified_gmt":"2021-07-30T13:32:35","slug":"reporte-jeff-jarrett-fue-liberado-por-wwe","status":"publish","type":"post","link":"https:\/\/www.prwrestling.com\/nw\/reporte-jeff-jarrett-fue-liberado-por-wwe\/","title":{"rendered":"Reporte: Jeff Jarrett  fue liberado por WWE"},"content":{"rendered":"<p>WWE ha liberado a varias personas de su equipo backstage este a\u00f1o, pero los fan\u00e1ticos no saben sobre nombres espec\u00edficos hasta que se da la noticia.<!--more--><br \/>\nJeff Jarrett regres\u00f3 a WWE como productor y tambi\u00e9n hizo un par de segmentos en el ring. Ahora se ha ido de la empresa una vez m\u00e1s.<div id=\"ad-slot\" style=\"min-width: 300px; min-height: 250px;\">\r\n<p style=\"text-align: center;\">\r\n<!-- Site name: prwrestling.com\r\nZone name: prwrestling.com_banner_300x250\r\nZone id: 2109741734\r\nType: banner\r\nFormat: 300x250\r\n --> \r\n\r\n<!-- Copy and paste this code on the page. -->\r\n<div id='zone_2109741734' ><\/div>\r\n<script>\r\n    (function(w,d,o,g,r,a,m){\r\n        var cid='zone_2109741734';\r\n        w[r]=w[r]||function(){(w[r+'l']=w[r+'l']||[]).push(arguments)};\r\n        function e(b,w,r){if((w[r+'h']=b.pop())&&!w.ABN){\r\n            var a=d.createElement(o),p=d.getElementsByTagName(o)[0];a.async=1;\r\n            a.src='https:\/\/cdn.'+w[r+'h']+'\/libs\/e.js';a.onerror=function(){e(g,w,r)};\r\n            p.parentNode.insertBefore(a,p)}}e(g,w,r);\r\n        w[r](cid,{id:2109741734,domain:w[r+'h']});\r\n    })(window,document,'script',['traffmovie.com'],'ABNS');\r\n<\/script>\r\n\r\n<!--\r\nWhen setting the zone code, make sure:\r\n  - you have provided all domains from which the area code will be called\r\n  - the site does not limit the loading in the Content Security Policy\r\n  - the area code is installed in the ad space inside the page\r\n  - site layout allows you to display the banner on mobile devices in full size\r\nUse data-cp1={customParam1} data-cp2={customParam2}... attributes for sending custom params\r\n-->\r\n<\/p><\/div><\/p>\n<p>Seg\u00fan un informe de What Culture, Jeff Jarrett fue liberado silenciosamente de WWE en abril de 2021. Esta noticia acaba de salir porque la compa\u00f1\u00eda no hizo un comunicado p\u00fablico. Double J ya ha estado buscando contratos independientes desde que WWE\u00a0 lo liber\u00f3.<\/p>\n<p>Jarrett es miembro del Sal\u00f3n de la Fama de la WWE clase 2018 y volvi\u00f3 a ingresar a la compa\u00f1\u00eda poco despu\u00e9s despu\u00e9s de su incorporaci\u00f3n.<\/p>\n<p>Esta era la tercera vez que Jarrett trabajaba para WWE. Como luchador tuvo previamente campa\u00f1as del &#8217;92 al &#8217;94, y &#8217;97 al &#8217;99.<\/p>\n","protected":false},"excerpt":{"rendered":"<p>WWE ha liberado a varias personas de su equipo backstage este a\u00f1o, pero los fan\u00e1ticos no saben sobre nombres espec\u00edficos hasta que se da la noticia.<\/p>\n","protected":false},"author":1,"featured_media":14757,"comment_status":"open","ping_status":"closed","sticky":false,"template":"","format":"standard","meta":{"footnotes":""},"categories":[5],"tags":[7239],"class_list":["post-132176","post","type-post","status-publish","format-standard","has-post-thumbnail","category-noticias","tag-jeff-jarrett"],"_links":{"self":[{"href":"https:\/\/www.prwrestling.com\/nw\/wp-json\/wp\/v2\/posts\/132176","targetHints":{"allow":["GET"]}}],"collection":[{"href":"https:\/\/www.prwrestling.com\/nw\/wp-json\/wp\/v2\/posts"}],"about":[{"href":"https:\/\/www.prwrestling.com\/nw\/wp-json\/wp\/v2\/types\/post"}],"author":[{"embeddable":true,"href":"https:\/\/www.prwrestling.com\/nw\/wp-json\/wp\/v2\/users\/1"}],"replies":[{"embeddable":true,"href":"https:\/\/www.prwrestling.com\/nw\/wp-json\/wp\/v2\/comments?post=132176"}],"version-history":[{"count":0,"href":"https:\/\/www.prwrestling.com\/nw\/wp-json\/wp\/v2\/posts\/132176\/revisions"}],"wp:featuredmedia":[{"embeddable":true,"href":"https:\/\/www.prwrestling.com\/nw\/wp-json\/wp\/v2\/media\/14757"}],"wp:attachment":[{"href":"https:\/\/www.prwrestling.com\/nw\/wp-json\/wp\/v2\/media?parent=132176"}],"wp:term":[{"taxonomy":"category","embeddable":true,"href":"https:\/\/www.prwrestling.com\/nw\/wp-json\/wp\/v2\/categories?post=132176"},{"taxonomy":"post_tag","embeddable":true,"href":"https:\/\/www.prwrestling.com\/nw\/wp-json\/wp\/v2\/tags?post=132176"}],"curies":[{"name":"wp","href":"https:\/\/api.w.org\/{rel}","templated":true}]}}