{"id":132180,"date":"2021-07-31T09:32:09","date_gmt":"2021-07-31T13:32:09","guid":{"rendered":"https:\/\/www.prwrestling.com\/nw\/?p=132180"},"modified":"2021-07-31T09:34:36","modified_gmt":"2021-07-31T13:34:36","slug":"reggie-explica-su-cambio-de-personaje-de-smackdown","status":"publish","type":"post","link":"https:\/\/www.prwrestling.com\/nw\/reggie-explica-su-cambio-de-personaje-de-smackdown\/","title":{"rendered":"&#8220;Reggie&#8221; explica su cambio de personaje de Smackdown"},"content":{"rendered":"<p>Reginald recibi\u00f3 un cambio de nombre durante SmackDown esta semana y eso requiri\u00f3 un cambio a\u00fan mayor en su personaje despu\u00e9s de que SmackDown terminara. <!--more--><div id=\"ad-slot\" style=\"min-width: 300px; min-height: 250px;\">\r\n<p style=\"text-align: center;\">\r\n<script async src=\"https:\/\/pagead2.googlesyndication.com\/pagead\/js\/adsbygoogle.js\"><\/script>\r\n<!-- 300x250 sc a -->\r\n<ins class=\"adsbygoogle\"\r\n     style=\"display:inline-block;width:300px;height:250px\"\r\n     data-ad-client=\"ca-pub-1244235910658811\"\r\n     data-ad-slot=\"8592682546\"><\/ins>\r\n<script>\r\n     (adsbygoogle = window.adsbygoogle || []).push({});\r\n<\/script><\/center>\r\n<\/p><\/div><br \/>\nAhora es llamado &#8220;Reggie&#8221; y elimina todas las referencias a su antiguo personaje de Sommelier.<\/p>\n<p>Despu\u00e9s de SmackDown, Reggiee stuvo en una entrevista en la que no ten\u00eda acento, y admiti\u00f3 que &#8220;no soy de Francia, soy de St. Louis&#8221;. <\/p>\n<p>Dijo que sido fan\u00e1tico de la WWE durante toda su vida y vio que Carmella ten\u00eda una vacante, as\u00ed que present\u00f3 una solicitud. No le importaba tener que fingir que era de Francia para conseguir un lugar en la televisi\u00f3n de la WWE. Ahora Reggie puede ser \u00e9l mismo en la televisi\u00f3n de la WWE.<\/p>\n<p>Esta fue una forma interesante de revelar que el personaje de Reggie ha cambiado por completo.<br \/>\n<div id=\"ad-slot\" style=\"min-width: 300px; min-height: 250px;\"><p style=\"text-align: center;\">\r\n<script async src=\"https:\/\/pagead2.googlesyndication.com\/pagead\/js\/adsbygoogle.js\"><\/script>\r\n<!-- Responsive sc c -->\r\n<ins class=\"adsbygoogle\"\r\n     style=\"display:block\"\r\n     data-ad-client=\"ca-pub-1244235910658811\"\r\n     data-ad-slot=\"4234005358\"\r\n     data-ad-format=\"auto\"\r\n     data-full-width-responsive=\"true\"><\/ins>\r\n<script>\r\n     (adsbygoogle = window.adsbygoogle || []).push({});\r\n<\/script><\/p><\/div><br \/>\nPuedes echar un vistazo el video abajo:<\/p>\n<blockquote class=\"twitter-tweet\">\n<p lang=\"en\" dir=\"ltr\">24\/7 Champion Reggie informs the WWE Universe that he\u2019s actually not French, he\u2019s from St. Louis, and that the only reason he was speaking with that accent was because <a href=\"https:\/\/twitter.com\/CarmellaWWE?ref_src=twsrc%5Etfw\" target=\"_blank\" rel=\"noopener\">@CarmellaWWE<\/a> asked him to. <a href=\"https:\/\/twitter.com\/ReginaldWWE?ref_src=twsrc%5Etfw\" target=\"_blank\" rel=\"noopener\">@ReginaldWWE<\/a> <a href=\"https:\/\/t.co\/e4G3NY9OZQ\">pic.twitter.com\/e4G3NY9OZQ<\/a><\/p>\n<p>&mdash; WWE Network (@WWENetwork) <a href=\"https:\/\/twitter.com\/WWENetwork\/status\/1421308574018461697?ref_src=twsrc%5Etfw\" target=\"_blank\" rel=\"noopener\">July 31, 2021<\/a><\/p><\/blockquote>\n<p> <script async src=\"https:\/\/platform.twitter.com\/widgets.js\" charset=\"utf-8\"><\/script><\/p>\n","protected":false},"excerpt":{"rendered":"<p>Reginald recibi\u00f3 un cambio de nombre durante SmackDown esta semana y eso requiri\u00f3 un cambio a\u00fan mayor en su personaje despu\u00e9s de que SmackDown terminara.<\/p>\n","protected":false},"author":1,"featured_media":11897,"comment_status":"open","ping_status":"closed","sticky":false,"template":"","format":"standard","meta":{"footnotes":""},"categories":[5,38],"tags":[],"class_list":{"0":"post-132180","1":"post","2":"type-post","3":"status-publish","4":"format-standard","5":"has-post-thumbnail","7":"category-noticias","8":"category-noticias-y-rumores-de-la-wwe"},"_links":{"self":[{"href":"https:\/\/www.prwrestling.com\/nw\/wp-json\/wp\/v2\/posts\/132180","targetHints":{"allow":["GET"]}}],"collection":[{"href":"https:\/\/www.prwrestling.com\/nw\/wp-json\/wp\/v2\/posts"}],"about":[{"href":"https:\/\/www.prwrestling.com\/nw\/wp-json\/wp\/v2\/types\/post"}],"author":[{"embeddable":true,"href":"https:\/\/www.prwrestling.com\/nw\/wp-json\/wp\/v2\/users\/1"}],"replies":[{"embeddable":true,"href":"https:\/\/www.prwrestling.com\/nw\/wp-json\/wp\/v2\/comments?post=132180"}],"version-history":[{"count":1,"href":"https:\/\/www.prwrestling.com\/nw\/wp-json\/wp\/v2\/posts\/132180\/revisions"}],"predecessor-version":[{"id":132185,"href":"https:\/\/www.prwrestling.com\/nw\/wp-json\/wp\/v2\/posts\/132180\/revisions\/132185"}],"wp:featuredmedia":[{"embeddable":true,"href":"https:\/\/www.prwrestling.com\/nw\/wp-json\/wp\/v2\/media\/11897"}],"wp:attachment":[{"href":"https:\/\/www.prwrestling.com\/nw\/wp-json\/wp\/v2\/media?parent=132180"}],"wp:term":[{"taxonomy":"category","embeddable":true,"href":"https:\/\/www.prwrestling.com\/nw\/wp-json\/wp\/v2\/categories?post=132180"},{"taxonomy":"post_tag","embeddable":true,"href":"https:\/\/www.prwrestling.com\/nw\/wp-json\/wp\/v2\/tags?post=132180"}],"curies":[{"name":"wp","href":"https:\/\/api.w.org\/{rel}","templated":true}]}}