{"id":132181,"date":"2021-07-30T22:41:17","date_gmt":"2021-07-31T02:41:17","guid":{"rendered":"https:\/\/www.prwrestling.com\/nw\/?p=132181"},"modified":"2021-07-30T22:43:05","modified_gmt":"2021-07-31T02:43:05","slug":"cena-vs-reigns-oficial-para-summerslam","status":"publish","type":"post","link":"https:\/\/www.prwrestling.com\/nw\/cena-vs-reigns-oficial-para-summerslam\/","title":{"rendered":"Cena vs Reigns oficial para SummerSlam"},"content":{"rendered":"<p>El evento estelar de SummerSlam ya es oficial.<!--more--><div id=\"ad-slot\" style=\"min-width: 300px; min-height: 250px;\">\r\n<p style=\"text-align: center;\">\r\n<script async src=\"https:\/\/pagead2.googlesyndication.com\/pagead\/js\/adsbygoogle.js\"><\/script>\r\n<!-- 300x250 sc a -->\r\n<ins class=\"adsbygoogle\"\r\n     style=\"display:inline-block;width:300px;height:250px\"\r\n     data-ad-client=\"ca-pub-1244235910658811\"\r\n     data-ad-slot=\"8592682546\"><\/ins>\r\n<script>\r\n     (adsbygoogle = window.adsbygoogle || []).push({});\r\n<\/script><\/center>\r\n<\/p><\/div><br \/>\nEn SmackDown de esta noche, se confirm\u00f3 que Roman Reigns defender\u00e1 su Campeonato Universal contra John Cena. El\u00a0 evento se llevar\u00e1 a cabo en el Allegiant Stadium de Las Vegas el s\u00e1bado 21 de agosto.<\/p>\n<p>WWE hab\u00eda estado coqueteando con que Finn Balor desafiar\u00eda a Reigns en SummerSlam, pero la firma de un contrato en SmackDown de esta noche termin\u00f3 con Reigns vs. Cena siendo oficial.<\/p>\n<p>Baron Corbin atac\u00f3 a Balor antes de que Balor pudiera firmar el contrato.<br \/>\n<div id=\"ad-slot\" style=\"min-width: 300px; min-height: 250px;\"><p style=\"text-align: center;\">\r\n<script async src=\"https:\/\/pagead2.googlesyndication.com\/pagead\/js\/adsbygoogle.js\"><\/script>\r\n<!-- Responsive sc c -->\r\n<ins class=\"adsbygoogle\"\r\n     style=\"display:block\"\r\n     data-ad-client=\"ca-pub-1244235910658811\"\r\n     data-ad-slot=\"4234005358\"\r\n     data-ad-format=\"auto\"\r\n     data-full-width-responsive=\"true\"><\/ins>\r\n<script>\r\n     (adsbygoogle = window.adsbygoogle || []).push({});\r\n<\/script><\/p><\/div><br \/>\nCorbin intent\u00f3 firmar el contrato en su lugar, pero Cena entr\u00f3 corriendo y envi\u00f3 a Corbin fuera del ring. Cena luego firm\u00f3 el contrato.<\/p>\n<p>Paul Heyman intent\u00f3 argumentar que el contrato no deber\u00eda ser v\u00e1lido, pero Adam Pearce y Sonya Deville le dijeron que era lo suficientemente bueno para ellos.<\/p>\n<blockquote class=\"twitter-tweet\">\n<p lang=\"en\" dir=\"ltr\">Signed, sealed and delivered! <a href=\"https:\/\/twitter.com\/JohnCena?ref_src=twsrc%5Etfw\" target=\"_blank\" rel=\"noopener\">@JohnCena<\/a> <a href=\"https:\/\/twitter.com\/WWERomanReigns?ref_src=twsrc%5Etfw\" target=\"_blank\" rel=\"noopener\">@WWERomanReigns<\/a> <a href=\"https:\/\/twitter.com\/HeymanHustle?ref_src=twsrc%5Etfw\" target=\"_blank\" rel=\"noopener\">@HeymanHustle<\/a> <a href=\"https:\/\/twitter.com\/hashtag\/UniversalTitle?src=hash&amp;ref_src=twsrc%5Etfw\" target=\"_blank\" rel=\"noopener\">#UniversalTitle<\/a> <a href=\"https:\/\/twitter.com\/hashtag\/SmackDown?src=hash&amp;ref_src=twsrc%5Etfw\" target=\"_blank\" rel=\"noopener\">#SmackDown<\/a> <a href=\"https:\/\/t.co\/OYuEL9SdHm\">pic.twitter.com\/OYuEL9SdHm<\/a><\/p>\n<p>&mdash; WWE (@WWE) <a href=\"https:\/\/twitter.com\/WWE\/status\/1421277991628324864?ref_src=twsrc%5Etfw\" target=\"_blank\" rel=\"noopener\">July 31, 2021<\/a><\/p><\/blockquote>\n<p> <script async src=\"https:\/\/platform.twitter.com\/widgets.js\" charset=\"utf-8\"><\/script><\/p>\n","protected":false},"excerpt":{"rendered":"<p>El evento estelar de SummerSlam ya es oficial.<\/p>\n","protected":false},"author":1,"featured_media":132182,"comment_status":"open","ping_status":"closed","sticky":false,"template":"","format":"standard","meta":{"footnotes":""},"categories":[5,38],"tags":[],"class_list":{"0":"post-132181","1":"post","2":"type-post","3":"status-publish","4":"format-standard","5":"has-post-thumbnail","7":"category-noticias","8":"category-noticias-y-rumores-de-la-wwe"},"_links":{"self":[{"href":"https:\/\/www.prwrestling.com\/nw\/wp-json\/wp\/v2\/posts\/132181","targetHints":{"allow":["GET"]}}],"collection":[{"href":"https:\/\/www.prwrestling.com\/nw\/wp-json\/wp\/v2\/posts"}],"about":[{"href":"https:\/\/www.prwrestling.com\/nw\/wp-json\/wp\/v2\/types\/post"}],"author":[{"embeddable":true,"href":"https:\/\/www.prwrestling.com\/nw\/wp-json\/wp\/v2\/users\/1"}],"replies":[{"embeddable":true,"href":"https:\/\/www.prwrestling.com\/nw\/wp-json\/wp\/v2\/comments?post=132181"}],"version-history":[{"count":1,"href":"https:\/\/www.prwrestling.com\/nw\/wp-json\/wp\/v2\/posts\/132181\/revisions"}],"predecessor-version":[{"id":132183,"href":"https:\/\/www.prwrestling.com\/nw\/wp-json\/wp\/v2\/posts\/132181\/revisions\/132183"}],"wp:featuredmedia":[{"embeddable":true,"href":"https:\/\/www.prwrestling.com\/nw\/wp-json\/wp\/v2\/media\/132182"}],"wp:attachment":[{"href":"https:\/\/www.prwrestling.com\/nw\/wp-json\/wp\/v2\/media?parent=132181"}],"wp:term":[{"taxonomy":"category","embeddable":true,"href":"https:\/\/www.prwrestling.com\/nw\/wp-json\/wp\/v2\/categories?post=132181"},{"taxonomy":"post_tag","embeddable":true,"href":"https:\/\/www.prwrestling.com\/nw\/wp-json\/wp\/v2\/tags?post=132181"}],"curies":[{"name":"wp","href":"https:\/\/api.w.org\/{rel}","templated":true}]}}