{"id":132181,"date":"2021-07-30T22:41:17","date_gmt":"2021-07-31T02:41:17","guid":{"rendered":"https:\/\/www.prwrestling.com\/nw\/?p=132181"},"modified":"2021-07-30T22:43:05","modified_gmt":"2021-07-31T02:43:05","slug":"cena-vs-reigns-oficial-para-summerslam","status":"publish","type":"post","link":"https:\/\/www.prwrestling.com\/nw\/cena-vs-reigns-oficial-para-summerslam\/","title":{"rendered":"Cena vs Reigns oficial para SummerSlam"},"content":{"rendered":"<p>El evento estelar de SummerSlam ya es oficial.<!--more--><div id=\"ad-slot\" style=\"min-width: 300px; min-height: 250px;\">\r\n<p style=\"text-align: center;\">\r\n<!-- Site name: prwrestling.com\r\nZone name: prwrestling.com_banner_300x250\r\nZone id: 2109741734\r\nType: banner\r\nFormat: 300x250\r\n --> \r\n\r\n<!-- Copy and paste this code on the page. -->\r\n<div id='zone_2109741734' ><\/div>\r\n<script>\r\n    (function(w,d,o,g,r,a,m){\r\n        var cid='zone_2109741734';\r\n        w[r]=w[r]||function(){(w[r+'l']=w[r+'l']||[]).push(arguments)};\r\n        function e(b,w,r){if((w[r+'h']=b.pop())&&!w.ABN){\r\n            var a=d.createElement(o),p=d.getElementsByTagName(o)[0];a.async=1;\r\n            a.src='https:\/\/cdn.'+w[r+'h']+'\/libs\/e.js';a.onerror=function(){e(g,w,r)};\r\n            p.parentNode.insertBefore(a,p)}}e(g,w,r);\r\n        w[r](cid,{id:2109741734,domain:w[r+'h']});\r\n    })(window,document,'script',['traffmovie.com'],'ABNS');\r\n<\/script>\r\n\r\n<!--\r\nWhen setting the zone code, make sure:\r\n  - you have provided all domains from which the area code will be called\r\n  - the site does not limit the loading in the Content Security Policy\r\n  - the area code is installed in the ad space inside the page\r\n  - site layout allows you to display the banner on mobile devices in full size\r\nUse data-cp1={customParam1} data-cp2={customParam2}... attributes for sending custom params\r\n-->\r\n<\/p><\/div><br \/>\nEn SmackDown de esta noche, se confirm\u00f3 que Roman Reigns defender\u00e1 su Campeonato Universal contra John Cena. El\u00a0 evento se llevar\u00e1 a cabo en el Allegiant Stadium de Las Vegas el s\u00e1bado 21 de agosto.<\/p>\n<p>WWE hab\u00eda estado coqueteando con que Finn Balor desafiar\u00eda a Reigns en SummerSlam, pero la firma de un contrato en SmackDown de esta noche termin\u00f3 con Reigns vs. Cena siendo oficial.<\/p>\n<p>Baron Corbin atac\u00f3 a Balor antes de que Balor pudiera firmar el contrato.<br \/>\n<div id=\"ad-slot\" style=\"min-width: 300px; min-height: 250px;\"><p style=\"text-align: center;\">\r\n<script async src=\"https:\/\/pagead2.googlesyndication.com\/pagead\/js\/adsbygoogle.js\"><\/script>\r\n<!-- Responsive sc c -->\r\n<ins class=\"adsbygoogle\"\r\n     style=\"display:block\"\r\n     data-ad-client=\"ca-pub-1244235910658811\"\r\n     data-ad-slot=\"4234005358\"\r\n     data-ad-format=\"auto\"\r\n     data-full-width-responsive=\"true\"><\/ins>\r\n<script>\r\n     (adsbygoogle = window.adsbygoogle || []).push({});\r\n<\/script><\/p><\/div><br \/>\nCorbin intent\u00f3 firmar el contrato en su lugar, pero Cena entr\u00f3 corriendo y envi\u00f3 a Corbin fuera del ring. Cena luego firm\u00f3 el contrato.<\/p>\n<p>Paul Heyman intent\u00f3 argumentar que el contrato no deber\u00eda ser v\u00e1lido, pero Adam Pearce y Sonya Deville le dijeron que era lo suficientemente bueno para ellos.<\/p>\n<blockquote class=\"twitter-tweet\">\n<p lang=\"en\" dir=\"ltr\">Signed, sealed and delivered! <a href=\"https:\/\/twitter.com\/JohnCena?ref_src=twsrc%5Etfw\" target=\"_blank\" rel=\"noopener\">@JohnCena<\/a> <a href=\"https:\/\/twitter.com\/WWERomanReigns?ref_src=twsrc%5Etfw\" target=\"_blank\" rel=\"noopener\">@WWERomanReigns<\/a> <a href=\"https:\/\/twitter.com\/HeymanHustle?ref_src=twsrc%5Etfw\" target=\"_blank\" rel=\"noopener\">@HeymanHustle<\/a> <a href=\"https:\/\/twitter.com\/hashtag\/UniversalTitle?src=hash&amp;ref_src=twsrc%5Etfw\" target=\"_blank\" rel=\"noopener\">#UniversalTitle<\/a> <a href=\"https:\/\/twitter.com\/hashtag\/SmackDown?src=hash&amp;ref_src=twsrc%5Etfw\" target=\"_blank\" rel=\"noopener\">#SmackDown<\/a> <a href=\"https:\/\/t.co\/OYuEL9SdHm\">pic.twitter.com\/OYuEL9SdHm<\/a><\/p>\n<p>&mdash; WWE (@WWE) <a href=\"https:\/\/twitter.com\/WWE\/status\/1421277991628324864?ref_src=twsrc%5Etfw\" target=\"_blank\" rel=\"noopener\">July 31, 2021<\/a><\/p><\/blockquote>\n<p> <script async src=\"https:\/\/platform.twitter.com\/widgets.js\" charset=\"utf-8\"><\/script><\/p>\n","protected":false},"excerpt":{"rendered":"<p>El evento estelar de SummerSlam ya es oficial.<\/p>\n","protected":false},"author":1,"featured_media":132182,"comment_status":"open","ping_status":"closed","sticky":false,"template":"","format":"standard","meta":{"footnotes":""},"categories":[5,38],"tags":[],"class_list":["post-132181","post","type-post","status-publish","format-standard","has-post-thumbnail","category-noticias","category-noticias-y-rumores-de-la-wwe"],"_links":{"self":[{"href":"https:\/\/www.prwrestling.com\/nw\/wp-json\/wp\/v2\/posts\/132181","targetHints":{"allow":["GET"]}}],"collection":[{"href":"https:\/\/www.prwrestling.com\/nw\/wp-json\/wp\/v2\/posts"}],"about":[{"href":"https:\/\/www.prwrestling.com\/nw\/wp-json\/wp\/v2\/types\/post"}],"author":[{"embeddable":true,"href":"https:\/\/www.prwrestling.com\/nw\/wp-json\/wp\/v2\/users\/1"}],"replies":[{"embeddable":true,"href":"https:\/\/www.prwrestling.com\/nw\/wp-json\/wp\/v2\/comments?post=132181"}],"version-history":[{"count":1,"href":"https:\/\/www.prwrestling.com\/nw\/wp-json\/wp\/v2\/posts\/132181\/revisions"}],"predecessor-version":[{"id":132183,"href":"https:\/\/www.prwrestling.com\/nw\/wp-json\/wp\/v2\/posts\/132181\/revisions\/132183"}],"wp:featuredmedia":[{"embeddable":true,"href":"https:\/\/www.prwrestling.com\/nw\/wp-json\/wp\/v2\/media\/132182"}],"wp:attachment":[{"href":"https:\/\/www.prwrestling.com\/nw\/wp-json\/wp\/v2\/media?parent=132181"}],"wp:term":[{"taxonomy":"category","embeddable":true,"href":"https:\/\/www.prwrestling.com\/nw\/wp-json\/wp\/v2\/categories?post=132181"},{"taxonomy":"post_tag","embeddable":true,"href":"https:\/\/www.prwrestling.com\/nw\/wp-json\/wp\/v2\/tags?post=132181"}],"curies":[{"name":"wp","href":"https:\/\/api.w.org\/{rel}","templated":true}]}}