{"id":132201,"date":"2021-08-02T08:46:03","date_gmt":"2021-08-02T12:46:03","guid":{"rendered":"https:\/\/www.prwrestling.com\/nw\/?p=132201"},"modified":"2021-08-02T08:46:03","modified_gmt":"2021-08-02T12:46:03","slug":"reporte-adam-cole-estara-libre-de-wwe-en-solo-semanas","status":"publish","type":"post","link":"https:\/\/www.prwrestling.com\/nw\/reporte-adam-cole-estara-libre-de-wwe-en-solo-semanas\/","title":{"rendered":"Reporte: Adam Cole estar\u00e1 libre de WWE en s\u00f3lo semanas"},"content":{"rendered":"<p>Seg\u00fan informes, Adam Cole acord\u00f3 trabajar varias semanas adicionales con WWE y luego va a reevaluar su futuro, ya que su contrato vence este mes.<!--more--><\/p>\n<p>Se acaba de revelar, a trav\u00e9s de <a href=\"http:\/\/WrestlingInc.com\" target=\"_blank\" rel=\"noopener\">WrestlingInc<\/a>, que el contrato de Cole con WWE expirar\u00e1 despu\u00e9s de SummerSlam.<br \/>\n<div id=\"ad-slot\" style=\"min-width: 300px; min-height: 250px;\">\r\n<p style=\"text-align: center;\">\r\n<script async src=\"https:\/\/pagead2.googlesyndication.com\/pagead\/js\/adsbygoogle.js\"><\/script>\r\n<!-- 300x250 sc a -->\r\n<ins class=\"adsbygoogle\"\r\n     style=\"display:inline-block;width:300px;height:250px\"\r\n     data-ad-client=\"ca-pub-1244235910658811\"\r\n     data-ad-slot=\"8592682546\"><\/ins>\r\n<script>\r\n     (adsbygoogle = window.adsbygoogle || []).push({});\r\n<\/script><\/center>\r\n<\/p><\/div><br \/>\nSe inform\u00f3 que se rumoreaba que el contrato de Cole vencer\u00eda en 2024, pero ahora se ha confirmado que el contrato vence este mes. De hecho, el acuerdo termin\u00f3 despu\u00e9s del Great American Bash del 6 de julio, pero \u00e9l lo extendi\u00f3.<\/p>\n<p>Adem\u00e1s, Fightful Select agrega que hay mucho m\u00e1s en la historia, m\u00e1s que solo un contrato que expira, ya que Cole expres\u00f3 a WWE que estaba dispuesto a trabajar durante el fin de semana de SummerSlam y luego reevaluar las cosas. Su informe se\u00f1al\u00f3 que exist\u00eda una suposici\u00f3n interna de que el contrato de Cole expir\u00f3 en diciembre, pero las fuentes de la WWE se\u00f1alaron que se enteraron de que el acuerdo expiraba a principios de julio, como se mencion\u00f3 anteriormente.<\/p>\n<p>Las fuentes de la WWE elogiaron a Cole por aceptar trabajar durante la semana SummerSlam y luego reevaluar las cosas, en lugar de simplemente aparecer en otro programa de televisi\u00f3n de lucha libre sin previo aviso a WWE.<\/p>\n<p>Se espera que Cole se enfrente a Kyle O&#8217;Reilly en Takeover 36, que tendr\u00e1 lugar el domingo 22 de agosto, el d\u00eda despu\u00e9s de WWE SummerSlam.<\/p>\n","protected":false},"excerpt":{"rendered":"<p>Seg\u00fan informes, Adam Cole acord\u00f3 trabajar varias semanas adicionales con WWE y luego va a reevaluar su futuro, ya que su contrato vence este mes.<\/p>\n","protected":false},"author":1,"featured_media":124959,"comment_status":"open","ping_status":"closed","sticky":false,"template":"","format":"standard","meta":{"footnotes":""},"categories":[5,38],"tags":[1900],"class_list":{"0":"post-132201","1":"post","2":"type-post","3":"status-publish","4":"format-standard","5":"has-post-thumbnail","7":"category-noticias","8":"category-noticias-y-rumores-de-la-wwe","9":"tag-adam-cole"},"_links":{"self":[{"href":"https:\/\/www.prwrestling.com\/nw\/wp-json\/wp\/v2\/posts\/132201","targetHints":{"allow":["GET"]}}],"collection":[{"href":"https:\/\/www.prwrestling.com\/nw\/wp-json\/wp\/v2\/posts"}],"about":[{"href":"https:\/\/www.prwrestling.com\/nw\/wp-json\/wp\/v2\/types\/post"}],"author":[{"embeddable":true,"href":"https:\/\/www.prwrestling.com\/nw\/wp-json\/wp\/v2\/users\/1"}],"replies":[{"embeddable":true,"href":"https:\/\/www.prwrestling.com\/nw\/wp-json\/wp\/v2\/comments?post=132201"}],"version-history":[{"count":1,"href":"https:\/\/www.prwrestling.com\/nw\/wp-json\/wp\/v2\/posts\/132201\/revisions"}],"predecessor-version":[{"id":132202,"href":"https:\/\/www.prwrestling.com\/nw\/wp-json\/wp\/v2\/posts\/132201\/revisions\/132202"}],"wp:featuredmedia":[{"embeddable":true,"href":"https:\/\/www.prwrestling.com\/nw\/wp-json\/wp\/v2\/media\/124959"}],"wp:attachment":[{"href":"https:\/\/www.prwrestling.com\/nw\/wp-json\/wp\/v2\/media?parent=132201"}],"wp:term":[{"taxonomy":"category","embeddable":true,"href":"https:\/\/www.prwrestling.com\/nw\/wp-json\/wp\/v2\/categories?post=132201"},{"taxonomy":"post_tag","embeddable":true,"href":"https:\/\/www.prwrestling.com\/nw\/wp-json\/wp\/v2\/tags?post=132201"}],"curies":[{"name":"wp","href":"https:\/\/api.w.org\/{rel}","templated":true}]}}