{"id":132283,"date":"2021-08-08T21:20:13","date_gmt":"2021-08-09T01:20:13","guid":{"rendered":"https:\/\/www.prwrestling.com\/nw\/?p=132283"},"modified":"2021-08-08T21:20:13","modified_gmt":"2021-08-09T01:20:13","slug":"malakai-black-revela-su-entrada-de-wwe-fue-creada-para-undertaker","status":"publish","type":"post","link":"https:\/\/www.prwrestling.com\/nw\/malakai-black-revela-su-entrada-de-wwe-fue-creada-para-undertaker\/","title":{"rendered":"Malakai Black revela su entrada de WWE fue creada para Undertaker"},"content":{"rendered":"<p>En un episodio reciente de Talk Is Jericho, Chris Jericho se sent\u00f3 con Malakai Black para hablar sobre su carrera en la WWE y su personaje.<!--more--><\/p>\n<p>En NXT, Black era conocido por su entrada \u00fanica cual fue emulada una vez lleg\u00f3 al roster principal. El luchador explic\u00f3 c\u00f3mo fue creada.<br \/>\n<div id=\"ad-slot\" style=\"min-width: 300px; min-height: 250px;\">\r\n<p style=\"text-align: center;\">\r\n<script async src=\"https:\/\/pagead2.googlesyndication.com\/pagead\/js\/adsbygoogle.js\"><\/script>\r\n<!-- 300x250 sc a -->\r\n<ins class=\"adsbygoogle\"\r\n     style=\"display:inline-block;width:300px;height:250px\"\r\n     data-ad-client=\"ca-pub-1244235910658811\"\r\n     data-ad-slot=\"8592682546\"><\/ins>\r\n<script>\r\n     (adsbygoogle = window.adsbygoogle || []).push({});\r\n<\/script><\/center>\r\n<\/p><\/div><br \/>\n&#8220;Recib\u00ed un mensaje de texto de Hunter (Triple H) una ma\u00f1ana&#8221;, declar\u00f3 Black. \u201c\u00c9l dijo, &#8216;\u00bfQu\u00e9 piensas de esto?&#8217; Y me muestra este ascensor que sube. Yo estaba como, &#8216;\u00bfAs\u00ed que me acuesto y sale?&#8217;. \u00c9l dijo, &#8216;S\u00ed, iba a ser para Taker, pero Taker era demasiado pesado para eso. <\/p>\n<p>\u201c\u00bfQu\u00e9 piensas de eso? &#8220;Yo digo,&#8221; Lo usar\u00e9&#8221;. Pens\u00e9 que era la cosa m\u00e1s genial del mundo. Nunca supe por qu\u00e9 Vince [McMahon] le puso esta tabla, pero nunca se pretendi\u00f3 que fuera una tabla real, hasta que Vince decidi\u00f3 que era una tabla real.<\/p>\n<p>\u201cEstaba destinado a que yo b\u00e1sicamente saliera de la niebla. Es por eso que todo estaba negro, y en ciertas tomas, realmente no se pod\u00eda ver que la tabla me estaba elevando. Fue m\u00e1s un truco visual. Me estaba materializando casi a trav\u00e9s del humo. Pens\u00e9 que era diferente. Pens\u00e9 que era genial, y pens\u00e9 que agreg\u00f3 una capa tan genial a la entrada. Pens\u00e9 que hab\u00eda agregado una capa genial al personaje de Aleister Black,&#8221; dijo.<br \/>\n<iframe loading=\"lazy\" width=\"1189\" height=\"669\" src=\"https:\/\/www.youtube.com\/embed\/5h1sQt3X2Bc\" title=\"YouTube video player\" frameborder=\"0\" allow=\"accelerometer; autoplay; clipboard-write; encrypted-media; gyroscope; picture-in-picture\" allowfullscreen><\/iframe><\/p>\n","protected":false},"excerpt":{"rendered":"<p>En un episodio reciente de Talk Is Jericho, Chris Jericho se sent\u00f3 con Malakai Black para hablar sobre su carrera en la WWE y su personaje.<\/p>\n","protected":false},"author":1,"featured_media":132284,"comment_status":"open","ping_status":"closed","sticky":false,"template":"","format":"standard","meta":{"footnotes":""},"categories":[5],"tags":[],"class_list":{"0":"post-132283","1":"post","2":"type-post","3":"status-publish","4":"format-standard","5":"has-post-thumbnail","7":"category-noticias"},"_links":{"self":[{"href":"https:\/\/www.prwrestling.com\/nw\/wp-json\/wp\/v2\/posts\/132283","targetHints":{"allow":["GET"]}}],"collection":[{"href":"https:\/\/www.prwrestling.com\/nw\/wp-json\/wp\/v2\/posts"}],"about":[{"href":"https:\/\/www.prwrestling.com\/nw\/wp-json\/wp\/v2\/types\/post"}],"author":[{"embeddable":true,"href":"https:\/\/www.prwrestling.com\/nw\/wp-json\/wp\/v2\/users\/1"}],"replies":[{"embeddable":true,"href":"https:\/\/www.prwrestling.com\/nw\/wp-json\/wp\/v2\/comments?post=132283"}],"version-history":[{"count":0,"href":"https:\/\/www.prwrestling.com\/nw\/wp-json\/wp\/v2\/posts\/132283\/revisions"}],"wp:featuredmedia":[{"embeddable":true,"href":"https:\/\/www.prwrestling.com\/nw\/wp-json\/wp\/v2\/media\/132284"}],"wp:attachment":[{"href":"https:\/\/www.prwrestling.com\/nw\/wp-json\/wp\/v2\/media?parent=132283"}],"wp:term":[{"taxonomy":"category","embeddable":true,"href":"https:\/\/www.prwrestling.com\/nw\/wp-json\/wp\/v2\/categories?post=132283"},{"taxonomy":"post_tag","embeddable":true,"href":"https:\/\/www.prwrestling.com\/nw\/wp-json\/wp\/v2\/tags?post=132283"}],"curies":[{"name":"wp","href":"https:\/\/api.w.org\/{rel}","templated":true}]}}