{"id":132294,"date":"2021-08-09T17:49:32","date_gmt":"2021-08-09T21:49:32","guid":{"rendered":"https:\/\/www.prwrestling.com\/nw\/?p=132294"},"modified":"2021-08-09T17:49:32","modified_gmt":"2021-08-09T21:49:32","slug":"indican-vince-no-queria-a-luchadores-de-nxt-en-el-thunderdome-por-covid","status":"publish","type":"post","link":"https:\/\/www.prwrestling.com\/nw\/indican-vince-no-queria-a-luchadores-de-nxt-en-el-thunderdome-por-covid\/","title":{"rendered":"Indican Vince no quer\u00eda a luchadores de NXT en el Thunderdome por COVID"},"content":{"rendered":"<p>El ex luchador de la divisi\u00f3n 205 de WWE Ariya Daivari se uni\u00f3 recientemente al podcast Straight Shooting para discutir su salida de la WWE.<!--more--><div id=\"ad-slot\" style=\"min-width: 300px; min-height: 250px;\">\r\n<p style=\"text-align: center;\">\r\n<script async src=\"https:\/\/pagead2.googlesyndication.com\/pagead\/js\/adsbygoogle.js\"><\/script>\r\n<!-- 300x250 sc a -->\r\n<ins class=\"adsbygoogle\"\r\n     style=\"display:inline-block;width:300px;height:250px\"\r\n     data-ad-client=\"ca-pub-1244235910658811\"\r\n     data-ad-slot=\"8592682546\"><\/ins>\r\n<script>\r\n     (adsbygoogle = window.adsbygoogle || []).push({});\r\n<\/script><\/center>\r\n<\/p><\/div><br \/>\nDaivari comparti\u00f3 una historia sobre c\u00f3mo Vince McMahon no quer\u00eda a los talentos de NXT en los vestidores del roster principal debido al COVID. <\/p>\n<p>\u201cToda la raz\u00f3n por la que 205 Live se traslad\u00f3 de nuevo a NXT es porque NXT estaba teniendo un peque\u00f1o problema de COVID en comparaci\u00f3n con el roster principal. Un pu\u00f1ado de chicos estaban contrayendo coronavirus y fue en el momento en que nadie sab\u00eda exactamente qu\u00e9 tan grave era esto. Est\u00e1n teniendo un problema de COVID en NXT y creo que alguien en el roster principal se infect\u00f3. <\/p>\n<p>\u201cSe corri\u00f3 la voz y b\u00e1sicamente se redujo a &#8216;NXT les est\u00e1 dando coronavirus a los chicos del roster principal,&#8217; dijo.<\/p>\n<p>Adem\u00e1s expandi\u00f3 sobre el d\u00eda que se enter\u00f3 que Vince McMahon no quer\u00eda que aparecieran m\u00e1s talentos de NXT hasta que se contuviera el brote:<br \/>\n<div id=\"ad-slot\" style=\"min-width: 300px; min-height: 250px;\"><p style=\"text-align: center;\">\r\n<script async src=\"https:\/\/pagead2.googlesyndication.com\/pagead\/js\/adsbygoogle.js\"><\/script>\r\n<!-- Responsive sc c -->\r\n<ins class=\"adsbygoogle\"\r\n     style=\"display:block\"\r\n     data-ad-client=\"ca-pub-1244235910658811\"\r\n     data-ad-slot=\"4234005358\"\r\n     data-ad-format=\"auto\"\r\n     data-full-width-responsive=\"true\"><\/ins>\r\n<script>\r\n     (adsbygoogle = window.adsbygoogle || []).push({});\r\n<\/script><\/p><\/div><br \/>\n\u201cIsaiah Scott y yo tuvimos que hacer una lucha de 15 minutos con 20 minutos de anticipaci\u00f3n. \u00c9l iba a luchar contra otra persona, yo luchaba contra otra persona, nuestros dos oponentes fueron enviados a casa, as\u00ed que armamos este combate.&#8221;<\/p>\n<p>&#8220;Despu\u00e9s de eso, lo que me dijeron fue que Vince dijo: &#8220;No m\u00e1s luchadores de NXT cerca del roster principal durante la pandemia&#8221;. Me dijeron que NXT estaba teniendo demasiados casos de COVID y Vince no quer\u00eda a NXT en el vestuario de SmackDown porque podr\u00edan traer COVID,\u201d dijo.<\/p>\n","protected":false},"excerpt":{"rendered":"<p>El ex luchador de la divisi\u00f3n 205 de WWE Ariya Daivari se uni\u00f3 recientemente al podcast Straight Shooting para discutir su salida de la WWE.<\/p>\n","protected":false},"author":1,"featured_media":123837,"comment_status":"open","ping_status":"closed","sticky":false,"template":"","format":"standard","meta":{"footnotes":""},"categories":[5,38],"tags":[9],"class_list":{"0":"post-132294","1":"post","2":"type-post","3":"status-publish","4":"format-standard","5":"has-post-thumbnail","7":"category-noticias","8":"category-noticias-y-rumores-de-la-wwe","9":"tag-wwe"},"_links":{"self":[{"href":"https:\/\/www.prwrestling.com\/nw\/wp-json\/wp\/v2\/posts\/132294","targetHints":{"allow":["GET"]}}],"collection":[{"href":"https:\/\/www.prwrestling.com\/nw\/wp-json\/wp\/v2\/posts"}],"about":[{"href":"https:\/\/www.prwrestling.com\/nw\/wp-json\/wp\/v2\/types\/post"}],"author":[{"embeddable":true,"href":"https:\/\/www.prwrestling.com\/nw\/wp-json\/wp\/v2\/users\/1"}],"replies":[{"embeddable":true,"href":"https:\/\/www.prwrestling.com\/nw\/wp-json\/wp\/v2\/comments?post=132294"}],"version-history":[{"count":0,"href":"https:\/\/www.prwrestling.com\/nw\/wp-json\/wp\/v2\/posts\/132294\/revisions"}],"wp:featuredmedia":[{"embeddable":true,"href":"https:\/\/www.prwrestling.com\/nw\/wp-json\/wp\/v2\/media\/123837"}],"wp:attachment":[{"href":"https:\/\/www.prwrestling.com\/nw\/wp-json\/wp\/v2\/media?parent=132294"}],"wp:term":[{"taxonomy":"category","embeddable":true,"href":"https:\/\/www.prwrestling.com\/nw\/wp-json\/wp\/v2\/categories?post=132294"},{"taxonomy":"post_tag","embeddable":true,"href":"https:\/\/www.prwrestling.com\/nw\/wp-json\/wp\/v2\/tags?post=132294"}],"curies":[{"name":"wp","href":"https:\/\/api.w.org\/{rel}","templated":true}]}}