{"id":132622,"date":"2021-08-25T12:48:16","date_gmt":"2021-08-25T16:48:16","guid":{"rendered":"https:\/\/www.prwrestling.com\/nw\/?p=132622"},"modified":"2021-08-25T12:48:16","modified_gmt":"2021-08-25T16:48:16","slug":"charlotte-reacciona-a-criticas-de-haber-asistido-a-triplemania","status":"publish","type":"post","link":"https:\/\/www.prwrestling.com\/nw\/charlotte-reacciona-a-criticas-de-haber-asistido-a-triplemania\/","title":{"rendered":"Charlotte reacciona a cr\u00edticas de haber asistido a TripleMania"},"content":{"rendered":"<p>Charlotte Flair solicit\u00f3 un descanso de la WWE para poder asistir a TripleMania y ver a Andrade enfrentarse a Kenny Omega por el Mega Campeonato de AAA.<!--more--><div id=\"ad-slot\" style=\"min-width: 300px; min-height: 250px;\">\r\n<p style=\"text-align: center;\">\r\n<script async src=\"https:\/\/pagead2.googlesyndication.com\/pagead\/js\/adsbygoogle.js\"><\/script>\r\n<!-- 300x250 sc a -->\r\n<ins class=\"adsbygoogle\"\r\n     style=\"display:inline-block;width:300px;height:250px\"\r\n     data-ad-client=\"ca-pub-1244235910658811\"\r\n     data-ad-slot=\"8592682546\"><\/ins>\r\n<script>\r\n     (adsbygoogle = window.adsbygoogle || []).push({});\r\n<\/script><\/center>\r\n<\/p><\/div><br \/>\nElla no apareci\u00f3 en el show como lo hizo Ric Flair, pero estaba all\u00ed y muchos fans de la WWE criticaron su acci\u00f3n.<\/p>\n<p>Mientras hablaba con Oral Sessions, Charlotte dijo que sabe sobre esa reacci\u00f3n negativa de los fan\u00e1ticos y coment\u00f3 sobre el tema.<br \/>\n<div id=\"ad-slot\" style=\"min-width: 300px; min-height: 250px;\"><p style=\"text-align: center;\">\r\n<script async src=\"https:\/\/pagead2.googlesyndication.com\/pagead\/js\/adsbygoogle.js\"><\/script>\r\n<!-- Responsive sc c -->\r\n<ins class=\"adsbygoogle\"\r\n     style=\"display:block\"\r\n     data-ad-client=\"ca-pub-1244235910658811\"\r\n     data-ad-slot=\"4234005358\"\r\n     data-ad-format=\"auto\"\r\n     data-full-width-responsive=\"true\"><\/ins>\r\n<script>\r\n     (adsbygoogle = window.adsbygoogle || []).push({});\r\n<\/script><\/p><\/div><br \/>\n&#8220;Pens\u00e9 que la gente dir\u00eda m\u00e1s como, &#8216;Guau, eso es lo mucho que significa su relaci\u00f3n para ella&#8217;. De hecho, pens\u00e9, \u00bfla gente piensa que estoy arruinando mi carrera? Parte de mi carrera es quien soy en mi vida real. Parte de mi carrera es Manny (Andrade El Idolo) ayud\u00e1ndome, empuj\u00e1ndome y apoy\u00e1ndome y todas estas diferentes experiencias en mi vida. Eso me hace crecer como luchadora.&#8221;<\/p>\n<p>\u201cNo s\u00e9 si ustedes lo han visto, pero he crecido frente a ustedes a lo largo de los a\u00f1os. As\u00ed que me sorprendi\u00f3 mucho, y la gente no se sorprende en absoluto (acerca de) mi pap\u00e1. Va a estar lanzando chops y haciendo figuras cuatro en cualquier lugar, pero,\u00a0 puedes ver lo orgulloso que estaba de estar all\u00ed con Manny. Eso es lo mucho que significa Manny para \u00e9l y creo que mi padre tambi\u00e9n sabe que Manny ser\u00e1 el hombre que me cuidar\u00e1 cuando se vaya y es como pasar una antorcha,&#8221; dijo.<\/p>\n","protected":false},"excerpt":{"rendered":"<p>Charlotte Flair solicit\u00f3 un descanso de la WWE para poder asistir a TripleMania y ver a Andrade enfrentarse a Kenny Omega por el Mega Campeonato de AAA.<\/p>\n","protected":false},"author":3,"featured_media":132623,"comment_status":"closed","ping_status":"closed","sticky":false,"template":"","format":"standard","meta":{"footnotes":""},"categories":[5,38],"tags":[1947],"class_list":{"0":"post-132622","1":"post","2":"type-post","3":"status-publish","4":"format-standard","5":"has-post-thumbnail","7":"category-noticias","8":"category-noticias-y-rumores-de-la-wwe","9":"tag-charlotte-flair"},"_links":{"self":[{"href":"https:\/\/www.prwrestling.com\/nw\/wp-json\/wp\/v2\/posts\/132622","targetHints":{"allow":["GET"]}}],"collection":[{"href":"https:\/\/www.prwrestling.com\/nw\/wp-json\/wp\/v2\/posts"}],"about":[{"href":"https:\/\/www.prwrestling.com\/nw\/wp-json\/wp\/v2\/types\/post"}],"author":[{"embeddable":true,"href":"https:\/\/www.prwrestling.com\/nw\/wp-json\/wp\/v2\/users\/3"}],"replies":[{"embeddable":true,"href":"https:\/\/www.prwrestling.com\/nw\/wp-json\/wp\/v2\/comments?post=132622"}],"version-history":[{"count":1,"href":"https:\/\/www.prwrestling.com\/nw\/wp-json\/wp\/v2\/posts\/132622\/revisions"}],"predecessor-version":[{"id":132624,"href":"https:\/\/www.prwrestling.com\/nw\/wp-json\/wp\/v2\/posts\/132622\/revisions\/132624"}],"wp:featuredmedia":[{"embeddable":true,"href":"https:\/\/www.prwrestling.com\/nw\/wp-json\/wp\/v2\/media\/132623"}],"wp:attachment":[{"href":"https:\/\/www.prwrestling.com\/nw\/wp-json\/wp\/v2\/media?parent=132622"}],"wp:term":[{"taxonomy":"category","embeddable":true,"href":"https:\/\/www.prwrestling.com\/nw\/wp-json\/wp\/v2\/categories?post=132622"},{"taxonomy":"post_tag","embeddable":true,"href":"https:\/\/www.prwrestling.com\/nw\/wp-json\/wp\/v2\/tags?post=132622"}],"curies":[{"name":"wp","href":"https:\/\/api.w.org\/{rel}","templated":true}]}}