{"id":132629,"date":"2021-08-25T19:30:34","date_gmt":"2021-08-25T23:30:34","guid":{"rendered":"https:\/\/www.prwrestling.com\/nw\/?p=132629"},"modified":"2023-01-03T09:46:14","modified_gmt":"2023-01-03T14:46:14","slug":"pr-eddie-orlando-y-stacy-colon-se-marchan-de-lawe","status":"publish","type":"post","link":"https:\/\/www.prwrestling.com\/nw\/pr-eddie-orlando-y-stacy-colon-se-marchan-de-lawe\/","title":{"rendered":"PR: Eddie, Orlando y Stacy Col\u00f3n se marchan de LAWE"},"content":{"rendered":"<p>La reci\u00e9n comenzada empresa Latin American Wrestling lanz\u00f3 esta noche el siguiente comunicado, en el que anuncian la salida de los Col\u00f3n y la designaci\u00f3n de Jaime Vazquez como CEO de la empresa.<!--more--><div id=\"ad-slot\" style=\"min-width: 300px; min-height: 250px;\">\r\n<p style=\"text-align: center;\">\r\n<!-- Site name: prwrestling.com\r\nZone name: prwrestling.com_banner_300x250\r\nZone id: 2109741734\r\nType: banner\r\nFormat: 300x250\r\n --> \r\n\r\n<!-- Copy and paste this code on the page. -->\r\n<div id='zone_2109741734' ><\/div>\r\n<script>\r\n    (function(w,d,o,g,r,a,m){\r\n        var cid='zone_2109741734';\r\n        w[r]=w[r]||function(){(w[r+'l']=w[r+'l']||[]).push(arguments)};\r\n        function e(b,w,r){if((w[r+'h']=b.pop())&&!w.ABN){\r\n            var a=d.createElement(o),p=d.getElementsByTagName(o)[0];a.async=1;\r\n            a.src='https:\/\/cdn.'+w[r+'h']+'\/libs\/e.js';a.onerror=function(){e(g,w,r)};\r\n            p.parentNode.insertBefore(a,p)}}e(g,w,r);\r\n        w[r](cid,{id:2109741734,domain:w[r+'h']});\r\n    })(window,document,'script',['traffmovie.com'],'ABNS');\r\n<\/script>\r\n\r\n<!--\r\nWhen setting the zone code, make sure:\r\n  - you have provided all domains from which the area code will be called\r\n  - the site does not limit the loading in the Content Security Policy\r\n  - the area code is installed in the ad space inside the page\r\n  - site layout allows you to display the banner on mobile devices in full size\r\nUse data-cp1={customParam1} data-cp2={customParam2}... attributes for sending custom params\r\n-->\r\n<\/p><\/div><br \/>\nA continuaci\u00f3n el comunicado de la empresa:<br \/>\n<iframe loading=\"lazy\" src=\"https:\/\/www.facebook.com\/plugins\/post.php?href=https%3A%2F%2Fwww.facebook.com%2FLAWEwrestling%2Fposts%2F136938905298626&#038;show_text=true&#038;width=500\" width=\"500\" height=\"610\" style=\"border:none;overflow:hidden\" scrolling=\"no\" frameborder=\"0\" allowfullscreen=\"true\" allow=\"autoplay; clipboard-write; encrypted-media; picture-in-picture; web-share\"><\/iframe><br \/>\nLos cambios parecen haberse decidido en d\u00edas bien recientes, ya que el pasado lunes la empresa iba a celebrar una conferencia de prensa en el Vivo Beach Club de Isla Verde cual fue cancelada a \u00faltimo minuto. <\/p>\n<p>Eddie y Orlando adem\u00e1s hicieron una aparici\u00f3n promocional en un juego de los Vaqueros de Bayam\u00f3n el pasado viernes, 20 de agosto.<\/p>\n","protected":false},"excerpt":{"rendered":"<p>La reci\u00e9n comenzada empresa Latin American Wrestling lanz\u00f3 esta noche el siguiente comunicado, en el que anuncian la salida de los Col\u00f3n y la designaci\u00f3n de Jaime Vazquez como CEO de la empresa.<\/p>\n","protected":false},"author":1,"featured_media":132631,"comment_status":"closed","ping_status":"closed","sticky":false,"template":"","format":"standard","meta":{"footnotes":""},"categories":[7409,5],"tags":[],"class_list":["post-132629","post","type-post","status-publish","format-standard","has-post-thumbnail","category-lucha-libre-de-puerto-rico","category-noticias"],"_links":{"self":[{"href":"https:\/\/www.prwrestling.com\/nw\/wp-json\/wp\/v2\/posts\/132629","targetHints":{"allow":["GET"]}}],"collection":[{"href":"https:\/\/www.prwrestling.com\/nw\/wp-json\/wp\/v2\/posts"}],"about":[{"href":"https:\/\/www.prwrestling.com\/nw\/wp-json\/wp\/v2\/types\/post"}],"author":[{"embeddable":true,"href":"https:\/\/www.prwrestling.com\/nw\/wp-json\/wp\/v2\/users\/1"}],"replies":[{"embeddable":true,"href":"https:\/\/www.prwrestling.com\/nw\/wp-json\/wp\/v2\/comments?post=132629"}],"version-history":[{"count":3,"href":"https:\/\/www.prwrestling.com\/nw\/wp-json\/wp\/v2\/posts\/132629\/revisions"}],"predecessor-version":[{"id":132634,"href":"https:\/\/www.prwrestling.com\/nw\/wp-json\/wp\/v2\/posts\/132629\/revisions\/132634"}],"wp:featuredmedia":[{"embeddable":true,"href":"https:\/\/www.prwrestling.com\/nw\/wp-json\/wp\/v2\/media\/132631"}],"wp:attachment":[{"href":"https:\/\/www.prwrestling.com\/nw\/wp-json\/wp\/v2\/media?parent=132629"}],"wp:term":[{"taxonomy":"category","embeddable":true,"href":"https:\/\/www.prwrestling.com\/nw\/wp-json\/wp\/v2\/categories?post=132629"},{"taxonomy":"post_tag","embeddable":true,"href":"https:\/\/www.prwrestling.com\/nw\/wp-json\/wp\/v2\/tags?post=132629"}],"curies":[{"name":"wp","href":"https:\/\/api.w.org\/{rel}","templated":true}]}}