{"id":132644,"date":"2021-08-26T12:21:58","date_gmt":"2021-08-26T16:21:58","guid":{"rendered":"https:\/\/www.prwrestling.com\/nw\/?p=132644"},"modified":"2021-08-26T12:21:58","modified_gmt":"2021-08-26T16:21:58","slug":"gangrel-declara-aew-cancelo-su-aparicion-tras-edge-usar-entrada-del-brood-en-summerslam","status":"publish","type":"post","link":"https:\/\/www.prwrestling.com\/nw\/gangrel-declara-aew-cancelo-su-aparicion-tras-edge-usar-entrada-del-brood-en-summerslam\/","title":{"rendered":"Gangrel declara AEW cancel\u00f3 su aparici\u00f3n tras Edge usar entrada del Brood en SummerSlam"},"content":{"rendered":"<p>En WWE SummerSlam, Edge trajo de vuelta su entrada del Brood, completa con la ic\u00f3nica m\u00fasica y gafas de sol junto con las llamas alrededor de la rampa. <!--more--><div id=\"ad-slot\" style=\"min-width: 300px; min-height: 250px;\">\r\n<p style=\"text-align: center;\">\r\n<script async src=\"https:\/\/pagead2.googlesyndication.com\/pagead\/js\/adsbygoogle.js\"><\/script>\r\n<!-- 300x250 sc a -->\r\n<ins class=\"adsbygoogle\"\r\n     style=\"display:inline-block;width:300px;height:250px\"\r\n     data-ad-client=\"ca-pub-1244235910658811\"\r\n     data-ad-slot=\"8592682546\"><\/ins>\r\n<script>\r\n     (adsbygoogle = window.adsbygoogle || []).push({});\r\n<\/script><\/center>\r\n<\/p><\/div><br \/>\nMientras hablaba en su podcast <a href=\"https:\/\/youtu.be\/oDbq4s14sRI\" target=\"_blank\" rel=\"noopener\">Fangin N Bangin<\/a>, Gangrel habl\u00f3 sobre la entrada de Edge y revel\u00f3 que se supon\u00eda que esta semana deb\u00eda aparecer en AEW Dynamite y realizar su ic\u00f3nica entrada Brood, pero todo se cancel\u00f3.<\/p>\n<p>\u201cSe supon\u00eda que deb\u00eda estar en un avi\u00f3n a Milwaukee. [Lunes], recibo una llamada de respuesta que dice: &#8220;Oh, lo sentimos mucho, vamos en una direcci\u00f3n diferente debido a las cosas de los medios de la WWE&#8221;.<br \/>\n<div id=\"ad-slot\" style=\"min-width: 300px; min-height: 250px;\"><p style=\"text-align: center;\">\r\n<script async src=\"https:\/\/pagead2.googlesyndication.com\/pagead\/js\/adsbygoogle.js\"><\/script>\r\n<!-- Responsive sc c -->\r\n<ins class=\"adsbygoogle\"\r\n     style=\"display:block\"\r\n     data-ad-client=\"ca-pub-1244235910658811\"\r\n     data-ad-slot=\"4234005358\"\r\n     data-ad-format=\"auto\"\r\n     data-full-width-responsive=\"true\"><\/ins>\r\n<script>\r\n     (adsbygoogle = window.adsbygoogle || []).push({});\r\n<\/script><\/p><\/div><br \/>\n\u201c&#8230; AEW se puso en contacto conmigo y quer\u00edan que entrara y saliera de Dynamite. Estaban armando la entrada, iban a encender el fuego, estaban armando la m\u00fasica y armando todo.\u201d<\/p>\n<p>\u201cAl mismo tiempo que estaba en tendencia y estaba realmente feliz por Edge en el interior, estaba s\u00faper preocupado como, &#8216;Por favor, no dejes que estas cosas lo arruinen&#8217;. Llam\u00e9 a la gente y me dijeron: &#8216;No me preocupar\u00eda por eso. . &#8216;Cuando SummerSlam lleg\u00f3, supe que era el \u00faltimo clavo en el ata\u00fad. Fue genial porque nunca supe c\u00f3mo se ver\u00eda la entrada de Gangrel-Brood en 2021. Fue muy bien hecho. Cuando recib\u00ed la llamada telef\u00f3nica de que iban a ir en una direcci\u00f3n diferente, no es su culpa, es solo el momento. Creo que fue idea de Tony (Khan) traerme,&#8221; dijo.<\/p>\n","protected":false},"excerpt":{"rendered":"<p>En WWE SummerSlam, Edge trajo de vuelta su entrada del Brood, completa con la ic\u00f3nica m\u00fasica y gafas de sol junto con las llamas alrededor de la rampa.<\/p>\n","protected":false},"author":1,"featured_media":132645,"comment_status":"closed","ping_status":"closed","sticky":false,"template":"","format":"standard","meta":{"footnotes":""},"categories":[5,38],"tags":[5829],"class_list":{"0":"post-132644","1":"post","2":"type-post","3":"status-publish","4":"format-standard","5":"has-post-thumbnail","7":"category-noticias","8":"category-noticias-y-rumores-de-la-wwe","9":"tag-gangrel"},"_links":{"self":[{"href":"https:\/\/www.prwrestling.com\/nw\/wp-json\/wp\/v2\/posts\/132644","targetHints":{"allow":["GET"]}}],"collection":[{"href":"https:\/\/www.prwrestling.com\/nw\/wp-json\/wp\/v2\/posts"}],"about":[{"href":"https:\/\/www.prwrestling.com\/nw\/wp-json\/wp\/v2\/types\/post"}],"author":[{"embeddable":true,"href":"https:\/\/www.prwrestling.com\/nw\/wp-json\/wp\/v2\/users\/1"}],"replies":[{"embeddable":true,"href":"https:\/\/www.prwrestling.com\/nw\/wp-json\/wp\/v2\/comments?post=132644"}],"version-history":[{"count":1,"href":"https:\/\/www.prwrestling.com\/nw\/wp-json\/wp\/v2\/posts\/132644\/revisions"}],"predecessor-version":[{"id":132646,"href":"https:\/\/www.prwrestling.com\/nw\/wp-json\/wp\/v2\/posts\/132644\/revisions\/132646"}],"wp:featuredmedia":[{"embeddable":true,"href":"https:\/\/www.prwrestling.com\/nw\/wp-json\/wp\/v2\/media\/132645"}],"wp:attachment":[{"href":"https:\/\/www.prwrestling.com\/nw\/wp-json\/wp\/v2\/media?parent=132644"}],"wp:term":[{"taxonomy":"category","embeddable":true,"href":"https:\/\/www.prwrestling.com\/nw\/wp-json\/wp\/v2\/categories?post=132644"},{"taxonomy":"post_tag","embeddable":true,"href":"https:\/\/www.prwrestling.com\/nw\/wp-json\/wp\/v2\/tags?post=132644"}],"curies":[{"name":"wp","href":"https:\/\/api.w.org\/{rel}","templated":true}]}}