{"id":132670,"date":"2021-08-28T08:52:37","date_gmt":"2021-08-28T12:52:37","guid":{"rendered":"https:\/\/www.prwrestling.com\/nw\/?p=132670"},"modified":"2021-08-28T08:52:37","modified_gmt":"2021-08-28T12:52:37","slug":"john-cena-dice-estar-triste-por-batista-no-querer-trabajar-con-el","status":"publish","type":"post","link":"https:\/\/www.prwrestling.com\/nw\/john-cena-dice-estar-triste-por-batista-no-querer-trabajar-con-el\/","title":{"rendered":"John Cena dice estar &#8220;triste&#8221; por Batista no querer trabajar con \u00e9l"},"content":{"rendered":"<p>John Cena declar\u00f3 anteriormente que est\u00e1 muy abierto a trabajar junto a The Rock en una pel\u00edcula de Hollywood.<!--more--> Aunque nadie sabe cu\u00e1ndo suceder\u00e1, no hay duda de que ser\u00e1 un gran \u00e9xito.<div id=\"ad-slot\" style=\"min-width: 300px; min-height: 250px;\">\r\n<p style=\"text-align: center;\">\r\n<!-- Site name: prwrestling.com\r\nZone name: prwrestling.com_banner_300x250\r\nZone id: 2109741734\r\nType: banner\r\nFormat: 300x250\r\n --> \r\n\r\n<!-- Copy and paste this code on the page. -->\r\n<div id='zone_2109741734' ><\/div>\r\n<script>\r\n    (function(w,d,o,g,r,a,m){\r\n        var cid='zone_2109741734';\r\n        w[r]=w[r]||function(){(w[r+'l']=w[r+'l']||[]).push(arguments)};\r\n        function e(b,w,r){if((w[r+'h']=b.pop())&&!w.ABN){\r\n            var a=d.createElement(o),p=d.getElementsByTagName(o)[0];a.async=1;\r\n            a.src='https:\/\/cdn.'+w[r+'h']+'\/libs\/e.js';a.onerror=function(){e(g,w,r)};\r\n            p.parentNode.insertBefore(a,p)}}e(g,w,r);\r\n        w[r](cid,{id:2109741734,domain:w[r+'h']});\r\n    })(window,document,'script',['traffmovie.com'],'ABNS');\r\n<\/script>\r\n\r\n<!--\r\nWhen setting the zone code, make sure:\r\n  - you have provided all domains from which the area code will be called\r\n  - the site does not limit the loading in the Content Security Policy\r\n  - the area code is installed in the ad space inside the page\r\n  - site layout allows you to display the banner on mobile devices in full size\r\nUse data-cp1={customParam1} data-cp2={customParam2}... attributes for sending custom params\r\n-->\r\n<\/p><\/div><br \/>\nSin embargo, Dave Bautista <a href=\"https:\/\/www.prwrestling.com\/nw\/batista-no-quiere-que-lo-comparen-con-rock-y-cena\/\">ha declarado recientemente<\/a> que no tiene ninguna intenci\u00f3n de trabajar con John Cena y The Rock en Hollywood.<\/p>\n<p>Al final, Bautista simplemente quer\u00eda expandir sus horizontes como actor, ya que deseaba interpretar una variedad de papeles en muchas pel\u00edculas y perfeccionar su oficio como actor.<br \/>\n<div id=\"ad-slot\" style=\"min-width: 300px; min-height: 250px;\"><p style=\"text-align: center;\">\r\n<script async src=\"https:\/\/pagead2.googlesyndication.com\/pagead\/js\/adsbygoogle.js\"><\/script>\r\n<!-- Responsive sc c -->\r\n<ins class=\"adsbygoogle\"\r\n     style=\"display:block\"\r\n     data-ad-client=\"ca-pub-1244235910658811\"\r\n     data-ad-slot=\"4234005358\"\r\n     data-ad-format=\"auto\"\r\n     data-full-width-responsive=\"true\"><\/ins>\r\n<script>\r\n     (adsbygoogle = window.adsbygoogle || []).push({});\r\n<\/script><\/p><\/div><br \/>\nMientras hablaba con <a href=\"https:\/\/www.youtube.com\/watch?v=0PH6JlIvGb8\" target=\"_blank\" rel=\"noopener\">Esquire<\/a>, le preguntaron a John Cena sobre si Bautista se negaba a trabajar con \u00e9l y el luchador se expres\u00f3 sobre el tema:<\/p>\n<p>\u201cEstoy muy triste por eso, porque Dave Bautista es un actor incre\u00edblemente talentoso. Ha hecho un trabajo asombroso. Pero creo que cuando alguien hace una declaraci\u00f3n como esa, creo que lo importante es intentar ver las cosas desde su perspectiva.\u201d<\/p>\n<p>\u201cRealmente solo quiere ser identificado y reconocido por su trabajo. Y no puedo culparlo por eso. Le aplaudo por ello. Ser lo suficientemente valiente como para decir algo as\u00ed le permite seguir adelante por su cuenta y eso se lo agradezco. No tengo ning\u00fan problema con Dave y realmente creo que \u00e9l no tiene problemas conmigo,&#8221; dijo.<\/p>\n","protected":false},"excerpt":{"rendered":"<p>John Cena declar\u00f3 anteriormente que est\u00e1 muy abierto a trabajar junto a The Rock en una pel\u00edcula de Hollywood.<\/p>\n","protected":false},"author":1,"featured_media":132671,"comment_status":"closed","ping_status":"closed","sticky":false,"template":"","format":"standard","meta":{"footnotes":""},"categories":[5,38],"tags":[1504],"class_list":["post-132670","post","type-post","status-publish","format-standard","has-post-thumbnail","category-noticias","category-noticias-y-rumores-de-la-wwe","tag-john-cena"],"_links":{"self":[{"href":"https:\/\/www.prwrestling.com\/nw\/wp-json\/wp\/v2\/posts\/132670","targetHints":{"allow":["GET"]}}],"collection":[{"href":"https:\/\/www.prwrestling.com\/nw\/wp-json\/wp\/v2\/posts"}],"about":[{"href":"https:\/\/www.prwrestling.com\/nw\/wp-json\/wp\/v2\/types\/post"}],"author":[{"embeddable":true,"href":"https:\/\/www.prwrestling.com\/nw\/wp-json\/wp\/v2\/users\/1"}],"replies":[{"embeddable":true,"href":"https:\/\/www.prwrestling.com\/nw\/wp-json\/wp\/v2\/comments?post=132670"}],"version-history":[{"count":1,"href":"https:\/\/www.prwrestling.com\/nw\/wp-json\/wp\/v2\/posts\/132670\/revisions"}],"predecessor-version":[{"id":132672,"href":"https:\/\/www.prwrestling.com\/nw\/wp-json\/wp\/v2\/posts\/132670\/revisions\/132672"}],"wp:featuredmedia":[{"embeddable":true,"href":"https:\/\/www.prwrestling.com\/nw\/wp-json\/wp\/v2\/media\/132671"}],"wp:attachment":[{"href":"https:\/\/www.prwrestling.com\/nw\/wp-json\/wp\/v2\/media?parent=132670"}],"wp:term":[{"taxonomy":"category","embeddable":true,"href":"https:\/\/www.prwrestling.com\/nw\/wp-json\/wp\/v2\/categories?post=132670"},{"taxonomy":"post_tag","embeddable":true,"href":"https:\/\/www.prwrestling.com\/nw\/wp-json\/wp\/v2\/tags?post=132670"}],"curies":[{"name":"wp","href":"https:\/\/api.w.org\/{rel}","templated":true}]}}