{"id":132724,"date":"2021-09-01T16:33:36","date_gmt":"2021-09-01T20:33:36","guid":{"rendered":"https:\/\/www.prwrestling.com\/nw\/?p=132724"},"modified":"2021-09-01T16:36:10","modified_gmt":"2021-09-01T20:36:10","slug":"strowman-se-medira-a-ec3-en-evento-pague-por-ver","status":"publish","type":"post","link":"https:\/\/www.prwrestling.com\/nw\/strowman-se-medira-a-ec3-en-evento-pague-por-ver\/","title":{"rendered":"Strowman se medir\u00e1 a EC3 en evento pague por ver"},"content":{"rendered":"<p>Braun Strowman fue liberado de su contrato, y eso vino con una cl\u00e1usula de no competencia de 90 d\u00edas donde no pod\u00eda trabajar para nadie.<!--more--><div id=\"ad-slot\" style=\"min-width: 300px; min-height: 250px;\">\r\n<p style=\"text-align: center;\">\r\n<script async src=\"https:\/\/pagead2.googlesyndication.com\/pagead\/js\/adsbygoogle.js\"><\/script>\r\n<!-- 300x250 sc a -->\r\n<ins class=\"adsbygoogle\"\r\n     style=\"display:inline-block;width:300px;height:250px\"\r\n     data-ad-client=\"ca-pub-1244235910658811\"\r\n     data-ad-slot=\"8592682546\"><\/ins>\r\n<script>\r\n     (adsbygoogle = window.adsbygoogle || []).push({});\r\n<\/script><\/center>\r\n<\/p><\/div> Esa espera por el ex Campe\u00f3n Universal termin\u00f3 y acaba de anunciar su primer combate despu\u00e9s de salir de la WWE.<\/p>\n<p>Strowman luchar\u00e1 contra su amigo EC3 durante el evento &#8220;Free The Narrative II: The Monster In Us All&#8221;.<\/p>\n<p>Este evento se transmitir\u00e1 el 1 de octubre a la medianoche, pero se puede ordenar a trav\u00e9s de Vimeo por $ 10.<\/p>\n<p>Este es solo el primer combate para\u00a0 Strowman despu\u00e9s de su salida en la WWE, y probablemente habr\u00e1 muchos m\u00e1s. Tambi\u00e9n se rumora que Adam Scherr est\u00e1 de camino a Impact Wrestling.<br \/>\n<div id=\"ad-slot\" style=\"min-width: 300px; min-height: 250px;\"><p style=\"text-align: center;\">\r\n<script async src=\"https:\/\/pagead2.googlesyndication.com\/pagead\/js\/adsbygoogle.js\"><\/script>\r\n<!-- Responsive sc c -->\r\n<ins class=\"adsbygoogle\"\r\n     style=\"display:block\"\r\n     data-ad-client=\"ca-pub-1244235910658811\"\r\n     data-ad-slot=\"4234005358\"\r\n     data-ad-format=\"auto\"\r\n     data-full-width-responsive=\"true\"><\/ins>\r\n<script>\r\n     (adsbygoogle = window.adsbygoogle || []).push({});\r\n<\/script><\/p><\/div><br \/>\nPuedes ver vide promocionar de\u00a0&#8220;Free The Narrative II: The Monster In Us All&#8221; a continuaci\u00f3n:<\/p>\n<blockquote class=\"twitter-tweet\">\n<p lang=\"en\" dir=\"ltr\">Preorder the new <a href=\"https:\/\/twitter.com\/hashtag\/Narrative?src=hash&amp;ref_src=twsrc%5Etfw\" target=\"_blank\" rel=\"noopener\">#Narrative<\/a> now!! <a href=\"https:\/\/twitter.com\/hashtag\/Rise?src=hash&amp;ref_src=twsrc%5Etfw\" target=\"_blank\" rel=\"noopener\">#Rise<\/a> <a href=\"https:\/\/twitter.com\/hashtag\/AdamScherr?src=hash&amp;ref_src=twsrc%5Etfw\" target=\"_blank\" rel=\"noopener\">#AdamScherr<\/a> <a href=\"https:\/\/twitter.com\/therealec3?ref_src=twsrc%5Etfw\" target=\"_blank\" rel=\"noopener\">@therealec3<\/a> October 1st <a href=\"https:\/\/t.co\/AeQbva7h5j\">https:\/\/t.co\/AeQbva7h5j<\/a> <a href=\"https:\/\/t.co\/L0uuHcZqrm\">pic.twitter.com\/L0uuHcZqrm<\/a><\/p>\n<p>&mdash; Adam Scherr (@Adamscherr99) <a href=\"https:\/\/twitter.com\/Adamscherr99\/status\/1433099056721563651?ref_src=twsrc%5Etfw\" target=\"_blank\" rel=\"noopener\">September 1, 2021<\/a><\/p><\/blockquote>\n<p> <script async src=\"https:\/\/platform.twitter.com\/widgets.js\" charset=\"utf-8\"><\/script><\/p>\n","protected":false},"excerpt":{"rendered":"<p>Braun Strowman fue liberado de su contrato, y eso vino con una cl\u00e1usula de no competencia de 90 d\u00edas donde no pod\u00eda trabajar para nadie.<\/p>\n","protected":false},"author":1,"featured_media":128298,"comment_status":"closed","ping_status":"closed","sticky":false,"template":"","format":"standard","meta":{"footnotes":""},"categories":[5],"tags":[1358],"class_list":{"0":"post-132724","1":"post","2":"type-post","3":"status-publish","4":"format-standard","5":"has-post-thumbnail","7":"category-noticias","8":"tag-braun-strowman"},"_links":{"self":[{"href":"https:\/\/www.prwrestling.com\/nw\/wp-json\/wp\/v2\/posts\/132724","targetHints":{"allow":["GET"]}}],"collection":[{"href":"https:\/\/www.prwrestling.com\/nw\/wp-json\/wp\/v2\/posts"}],"about":[{"href":"https:\/\/www.prwrestling.com\/nw\/wp-json\/wp\/v2\/types\/post"}],"author":[{"embeddable":true,"href":"https:\/\/www.prwrestling.com\/nw\/wp-json\/wp\/v2\/users\/1"}],"replies":[{"embeddable":true,"href":"https:\/\/www.prwrestling.com\/nw\/wp-json\/wp\/v2\/comments?post=132724"}],"version-history":[{"count":1,"href":"https:\/\/www.prwrestling.com\/nw\/wp-json\/wp\/v2\/posts\/132724\/revisions"}],"predecessor-version":[{"id":132725,"href":"https:\/\/www.prwrestling.com\/nw\/wp-json\/wp\/v2\/posts\/132724\/revisions\/132725"}],"wp:featuredmedia":[{"embeddable":true,"href":"https:\/\/www.prwrestling.com\/nw\/wp-json\/wp\/v2\/media\/128298"}],"wp:attachment":[{"href":"https:\/\/www.prwrestling.com\/nw\/wp-json\/wp\/v2\/media?parent=132724"}],"wp:term":[{"taxonomy":"category","embeddable":true,"href":"https:\/\/www.prwrestling.com\/nw\/wp-json\/wp\/v2\/categories?post=132724"},{"taxonomy":"post_tag","embeddable":true,"href":"https:\/\/www.prwrestling.com\/nw\/wp-json\/wp\/v2\/tags?post=132724"}],"curies":[{"name":"wp","href":"https:\/\/api.w.org\/{rel}","templated":true}]}}