{"id":132809,"date":"2021-09-08T13:31:47","date_gmt":"2021-09-08T17:31:47","guid":{"rendered":"https:\/\/www.prwrestling.com\/nw\/?p=132809"},"modified":"2021-09-08T13:31:47","modified_gmt":"2021-09-08T17:31:47","slug":"kushida-revela-dio-positivo-al-covid-19","status":"publish","type":"post","link":"https:\/\/www.prwrestling.com\/nw\/kushida-revela-dio-positivo-al-covid-19\/","title":{"rendered":"Kushida revela dio positivo al COVID-19"},"content":{"rendered":"<p>El campe\u00f3n de peso crucero de NXT, Kushida, ha revelado que COVID-19 fue la raz\u00f3n por la que su defensa del t\u00edtulo programada contra Roderick Strong no pudo llevarse a cabo el mes pasado.<!--more--><div id=\"ad-slot\" style=\"min-width: 300px; min-height: 250px;\">\r\n<p style=\"text-align: center;\">\r\n<!-- Site name: prwrestling.com\r\nZone name: prwrestling.com_banner_300x250\r\nZone id: 2109741734\r\nType: banner\r\nFormat: 300x250\r\n --> \r\n\r\n<!-- Copy and paste this code on the page. -->\r\n<div id='zone_2109741734' ><\/div>\r\n<script>\r\n    (function(w,d,o,g,r,a,m){\r\n        var cid='zone_2109741734';\r\n        w[r]=w[r]||function(){(w[r+'l']=w[r+'l']||[]).push(arguments)};\r\n        function e(b,w,r){if((w[r+'h']=b.pop())&&!w.ABN){\r\n            var a=d.createElement(o),p=d.getElementsByTagName(o)[0];a.async=1;\r\n            a.src='https:\/\/cdn.'+w[r+'h']+'\/libs\/e.js';a.onerror=function(){e(g,w,r)};\r\n            p.parentNode.insertBefore(a,p)}}e(g,w,r);\r\n        w[r](cid,{id:2109741734,domain:w[r+'h']});\r\n    })(window,document,'script',['traffmovie.com'],'ABNS');\r\n<\/script>\r\n\r\n<!--\r\nWhen setting the zone code, make sure:\r\n  - you have provided all domains from which the area code will be called\r\n  - the site does not limit the loading in the Content Security Policy\r\n  - the area code is installed in the ad space inside the page\r\n  - site layout allows you to display the banner on mobile devices in full size\r\nUse data-cp1={customParam1} data-cp2={customParam2}... attributes for sending custom params\r\n-->\r\n<\/p><\/div><br \/>\nEn un video de Instagram de hoy, Kushida declar\u00f3 que dio positivo por COVID-19 hace tres semanas. Se supon\u00eda que  iba a defender su Campeonato contra Strong en el episodio del 17 de agosto de NXT.<\/p>\n<p>Kushida dijo que \u00e9l y su esposa dieron positivo por COVID-19 a pesar de estar completamente vacunados, pero \u00e9l y su familia se sienten mejor ahora.<\/p>\n<p>&#8220;Hace tres semanas, no estaba disponible para luchar por el t\u00edtulo en NXT TV. Di positivo al COVID-19. Mi familia tambi\u00e9n dio positivo. Afortunadamente, todos est\u00e1n bien&#8221;, dijo Kushida.<\/p>\n<p>&#8220;Mi esposa y yo estamos completamente vacunados, pero todav\u00eda tenemos el virus. Afortunadamente, la vacuna nos ha dado algo de inmunidad, pero experimentamos algunos s\u00edntomas. Ten\u00edamos muy poca energ\u00eda y perd\u00ed el sentido del olfato y el gusto. Nos estamos recuperando&#8221;. &#8211; Todos se est\u00e1n sintiendo mejor ahora. La pandemia no ha terminado. Por favor, mant\u00e9ngase a salvo. Te ver\u00e9 en el ring pronto. Gracias por tu tiempo &#8220;.<\/p>\n","protected":false},"excerpt":{"rendered":"<p>El campe\u00f3n de peso crucero de NXT, Kushida, ha revelado que COVID-19 fue la raz\u00f3n por la que su defensa del t\u00edtulo programada contra Roderick Strong no pudo llevarse a cabo el mes pasado.<\/p>\n","protected":false},"author":1,"featured_media":132810,"comment_status":"closed","ping_status":"closed","sticky":false,"template":"","format":"standard","meta":{"footnotes":""},"categories":[5,38],"tags":[7293,1467],"class_list":["post-132809","post","type-post","status-publish","format-standard","has-post-thumbnail","category-noticias","category-noticias-y-rumores-de-la-wwe","tag-kushida","tag-nxt"],"_links":{"self":[{"href":"https:\/\/www.prwrestling.com\/nw\/wp-json\/wp\/v2\/posts\/132809","targetHints":{"allow":["GET"]}}],"collection":[{"href":"https:\/\/www.prwrestling.com\/nw\/wp-json\/wp\/v2\/posts"}],"about":[{"href":"https:\/\/www.prwrestling.com\/nw\/wp-json\/wp\/v2\/types\/post"}],"author":[{"embeddable":true,"href":"https:\/\/www.prwrestling.com\/nw\/wp-json\/wp\/v2\/users\/1"}],"replies":[{"embeddable":true,"href":"https:\/\/www.prwrestling.com\/nw\/wp-json\/wp\/v2\/comments?post=132809"}],"version-history":[{"count":1,"href":"https:\/\/www.prwrestling.com\/nw\/wp-json\/wp\/v2\/posts\/132809\/revisions"}],"predecessor-version":[{"id":132811,"href":"https:\/\/www.prwrestling.com\/nw\/wp-json\/wp\/v2\/posts\/132809\/revisions\/132811"}],"wp:featuredmedia":[{"embeddable":true,"href":"https:\/\/www.prwrestling.com\/nw\/wp-json\/wp\/v2\/media\/132810"}],"wp:attachment":[{"href":"https:\/\/www.prwrestling.com\/nw\/wp-json\/wp\/v2\/media?parent=132809"}],"wp:term":[{"taxonomy":"category","embeddable":true,"href":"https:\/\/www.prwrestling.com\/nw\/wp-json\/wp\/v2\/categories?post=132809"},{"taxonomy":"post_tag","embeddable":true,"href":"https:\/\/www.prwrestling.com\/nw\/wp-json\/wp\/v2\/tags?post=132809"}],"curies":[{"name":"wp","href":"https:\/\/api.w.org\/{rel}","templated":true}]}}