{"id":133132,"date":"2021-10-06T08:26:52","date_gmt":"2021-10-06T12:26:52","guid":{"rendered":"https:\/\/www.prwrestling.com\/nw\/?p=133132"},"modified":"2021-10-06T08:26:52","modified_gmt":"2021-10-06T12:26:52","slug":"lana-relata-como-controlaban-su-imagen-en-wwe-tuve-que-ser-rubia-para-siempre","status":"publish","type":"post","link":"https:\/\/www.prwrestling.com\/nw\/lana-relata-como-controlaban-su-imagen-en-wwe-tuve-que-ser-rubia-para-siempre\/","title":{"rendered":"Lana relata c\u00f3mo controlaban su imagen en WWE &#8211; &#8220;tuve que ser rubia para siempre&#8221;"},"content":{"rendered":"<p>Mientras interactuaba con los fan\u00e1ticos durante la firma virtual de East Coast Autograph Auctions, Lana (CJ Perry) revel\u00f3 que hubo varias ocasiones en las que intent\u00f3 cambiar su apariencia en la WWE<!--more-->, pero los poderes superiores dentro de la empresa no apoyaron su decisiones.<div id=\"ad-slot\" style=\"min-width: 300px; min-height: 250px;\">\r\n<p style=\"text-align: center;\">\r\n<script async src=\"https:\/\/pagead2.googlesyndication.com\/pagead\/js\/adsbygoogle.js\"><\/script>\r\n<!-- 300x250 sc a -->\r\n<ins class=\"adsbygoogle\"\r\n     style=\"display:inline-block;width:300px;height:250px\"\r\n     data-ad-client=\"ca-pub-1244235910658811\"\r\n     data-ad-slot=\"8592682546\"><\/ins>\r\n<script>\r\n     (adsbygoogle = window.adsbygoogle || []).push({});\r\n<\/script><\/center>\r\n<\/p><\/div><br \/>\n\u201cAparec\u00ed con azul &#8211; te\u00f1\u00ed el pelo de azul. Era como un champ\u00fa y estaba aburrida \u201d, record\u00f3 Lana. \u201cProbablemente estaba atravesando una crisis de identidad nuevamente. As\u00ed que me ti\u00f1o el pelo de azul y Michael Hayes se acerc\u00f3 a m\u00ed. \u00c9l me pregunt\u00f3: &#8220;\u00bfQu\u00e9 est\u00e1s haciendo?&#8221;, Y yo le dije: &#8220;No lo s\u00e9. Combina con mi atuendo &#8221;. \u00c9l dijo: &#8216;\u00a1No, no, no, no, no!&#8217; Y luego aparec\u00ed con el pelo rubio al d\u00eda siguiente, y me dijo: &#8216;Ah, te ves genial&#8217;.<\/p>\n<p>\u201cLuego tambi\u00e9n recib\u00ed una llamada de Vince [McMahon] sobre el cabello azul, as\u00ed que tuve que ser rubia para siempre.\u201d<br \/>\n<div id=\"ad-slot\" style=\"min-width: 300px; min-height: 250px;\"><p style=\"text-align: center;\">\r\n<script async src=\"https:\/\/pagead2.googlesyndication.com\/pagead\/js\/adsbygoogle.js\"><\/script>\r\n<!-- Responsive sc c -->\r\n<ins class=\"adsbygoogle\"\r\n     style=\"display:block\"\r\n     data-ad-client=\"ca-pub-1244235910658811\"\r\n     data-ad-slot=\"4234005358\"\r\n     data-ad-format=\"auto\"\r\n     data-full-width-responsive=\"true\"><\/ins>\r\n<script>\r\n     (adsbygoogle = window.adsbygoogle || []).push({});\r\n<\/script><\/p><\/div><br \/>\n\u201cIncluso cuando me volv\u00ed color marr\u00f3n. Ni siquiera era casta\u00f1o, ten\u00eda el pelo casta\u00f1o claro y lo que hice para Royal Rumble el a\u00f1o pasado. Recib\u00ed despu\u00e9s una llamada, me dijeron: &#8216;Esa no era Lana&#8217; y tuve que ponerme el pelo en un pony, tuve que ir m\u00e1s claro y no pod\u00eda usar el color dorado. Tuve que usar solo el color rosa. Ten\u00eda que llevar mi cabello en un pony, y ten\u00eda unos pantalones cortos de ni\u00f1a peque\u00f1o y dec\u00edan, &#8216;No, no. Tienes que ponerte el leotardo &#8220;.<\/p>\n<p>Durante la misma convenci\u00f3n, Lana, quien ya es agente libre, insinu\u00f3 que pronto podr\u00eda aparecer en AEW.<\/p>\n","protected":false},"excerpt":{"rendered":"<p>Mientras interactuaba con los fan\u00e1ticos durante la firma virtual de East Coast Autograph Auctions, Lana (CJ Perry) revel\u00f3 que hubo varias ocasiones en las que intent\u00f3 cambiar su apariencia en la WWE<\/p>\n","protected":false},"author":1,"featured_media":133133,"comment_status":"closed","ping_status":"closed","sticky":false,"template":"","format":"standard","meta":{"footnotes":""},"categories":[5],"tags":[1404],"class_list":{"0":"post-133132","1":"post","2":"type-post","3":"status-publish","4":"format-standard","5":"has-post-thumbnail","7":"category-noticias","8":"tag-lana"},"_links":{"self":[{"href":"https:\/\/www.prwrestling.com\/nw\/wp-json\/wp\/v2\/posts\/133132","targetHints":{"allow":["GET"]}}],"collection":[{"href":"https:\/\/www.prwrestling.com\/nw\/wp-json\/wp\/v2\/posts"}],"about":[{"href":"https:\/\/www.prwrestling.com\/nw\/wp-json\/wp\/v2\/types\/post"}],"author":[{"embeddable":true,"href":"https:\/\/www.prwrestling.com\/nw\/wp-json\/wp\/v2\/users\/1"}],"replies":[{"embeddable":true,"href":"https:\/\/www.prwrestling.com\/nw\/wp-json\/wp\/v2\/comments?post=133132"}],"version-history":[{"count":1,"href":"https:\/\/www.prwrestling.com\/nw\/wp-json\/wp\/v2\/posts\/133132\/revisions"}],"predecessor-version":[{"id":133134,"href":"https:\/\/www.prwrestling.com\/nw\/wp-json\/wp\/v2\/posts\/133132\/revisions\/133134"}],"wp:featuredmedia":[{"embeddable":true,"href":"https:\/\/www.prwrestling.com\/nw\/wp-json\/wp\/v2\/media\/133133"}],"wp:attachment":[{"href":"https:\/\/www.prwrestling.com\/nw\/wp-json\/wp\/v2\/media?parent=133132"}],"wp:term":[{"taxonomy":"category","embeddable":true,"href":"https:\/\/www.prwrestling.com\/nw\/wp-json\/wp\/v2\/categories?post=133132"},{"taxonomy":"post_tag","embeddable":true,"href":"https:\/\/www.prwrestling.com\/nw\/wp-json\/wp\/v2\/tags?post=133132"}],"curies":[{"name":"wp","href":"https:\/\/api.w.org\/{rel}","templated":true}]}}