{"id":133258,"date":"2021-10-13T19:39:40","date_gmt":"2021-10-13T23:39:40","guid":{"rendered":"https:\/\/www.prwrestling.com\/nw\/?p=133258"},"modified":"2021-10-13T19:39:40","modified_gmt":"2021-10-13T23:39:40","slug":"mustafa-ali-dice-es-el-talento-peor-utilizado-en-la-wwe","status":"publish","type":"post","link":"https:\/\/www.prwrestling.com\/nw\/mustafa-ali-dice-es-el-talento-peor-utilizado-en-la-wwe\/","title":{"rendered":"Mustafa Ali dice es el talento peor utilizado en la WWE"},"content":{"rendered":"<p>Mustafa Ali apareci\u00f3 en The Bump, donde dijo que es la superestrella m\u00e1s infrautilizada en la historia de la WWE.<!--more--><div id=\"ad-slot\" style=\"min-width: 300px; min-height: 250px;\">\r\n<p style=\"text-align: center;\">\r\n<script async src=\"https:\/\/pagead2.googlesyndication.com\/pagead\/js\/adsbygoogle.js\"><\/script>\r\n<!-- 300x250 sc a -->\r\n<ins class=\"adsbygoogle\"\r\n     style=\"display:inline-block;width:300px;height:250px\"\r\n     data-ad-client=\"ca-pub-1244235910658811\"\r\n     data-ad-slot=\"8592682546\"><\/ins>\r\n<script>\r\n     (adsbygoogle = window.adsbygoogle || []).push({});\r\n<\/script><\/center>\r\n<\/p><\/div><br \/>\n&#8220;Creo que soy la voz m\u00e1s desconocida en la historia de la WWE&#8221;, dijo Ali. \u201c[Mira fijamente a la c\u00e1mara dura] Sin inhibirme en mi voz, sin inmutarme en absoluto, dir\u00e9 libra por libra, soy el talento peor utilizado en la historia de esta empresa. \u00bfEso lo pone en perspectiva? Aqu\u00ed est\u00e1 la cuesti\u00f3n, hablo muchos idiomas y uno de ellos es la verdad, y s\u00e9 que es un idioma extranjero, especialmente en el Universo WWE. Pero la verdad es que he sido genial todo este tiempo.&#8221;<\/p>\n<p>&#8220;Todo lo que pido es una oportunidad. Y cuando tengo esas oportunidades, alguna intervenci\u00f3n externa siempre parece aparecer convenientemente.<br \/>\n<div id=\"ad-slot\" style=\"min-width: 300px; min-height: 250px;\"><p style=\"text-align: center;\">\r\n<script async src=\"https:\/\/pagead2.googlesyndication.com\/pagead\/js\/adsbygoogle.js\"><\/script>\r\n<!-- Responsive sc c -->\r\n<ins class=\"adsbygoogle\"\r\n     style=\"display:block\"\r\n     data-ad-client=\"ca-pub-1244235910658811\"\r\n     data-ad-slot=\"4234005358\"\r\n     data-ad-format=\"auto\"\r\n     data-full-width-responsive=\"true\"><\/ins>\r\n<script>\r\n     (adsbygoogle = window.adsbygoogle || []).push({});\r\n<\/script><\/p><\/div><br \/>\n\u201cMencionaste a una persona que hizo ese hashtag, #JusticeForAli. Escucha, soy el mismo tipo que regres\u00f3 de una lesi\u00f3n grave que casi termin\u00f3 con su carrera, y durante semanas, todo lo que escuch\u00e9 fue &#8220;Kofi, Kofi&#8221; noche tras noche. Segu\u00ed adelante, pero estoy repitiendo aqu\u00ed.\u201d<\/p>\n<p>\u201cLo mismo en Money In The Bank. La noche siguiente, estaban bailando con Brock [Lesnar]. \u00bfD\u00f3nde estaba #JusticeForAli? No busco el apoyo de nadie. No necesito el apoyo de nadie. Lo \u00fanico que necesito es una oportunidad. Yo me ocupar\u00e9 del resto,&#8221; dijo.<\/p>\n","protected":false},"excerpt":{"rendered":"<p>Mustafa Ali apareci\u00f3 en The Bump, donde dijo que es la superestrella m\u00e1s infrautilizada en la historia de la WWE.<\/p>\n","protected":false},"author":1,"featured_media":133259,"comment_status":"closed","ping_status":"closed","sticky":false,"template":"","format":"standard","meta":{"footnotes":""},"categories":[5,38],"tags":[6707,9],"class_list":{"0":"post-133258","1":"post","2":"type-post","3":"status-publish","4":"format-standard","5":"has-post-thumbnail","7":"category-noticias","8":"category-noticias-y-rumores-de-la-wwe","9":"tag-mustafa-ali","10":"tag-wwe"},"_links":{"self":[{"href":"https:\/\/www.prwrestling.com\/nw\/wp-json\/wp\/v2\/posts\/133258","targetHints":{"allow":["GET"]}}],"collection":[{"href":"https:\/\/www.prwrestling.com\/nw\/wp-json\/wp\/v2\/posts"}],"about":[{"href":"https:\/\/www.prwrestling.com\/nw\/wp-json\/wp\/v2\/types\/post"}],"author":[{"embeddable":true,"href":"https:\/\/www.prwrestling.com\/nw\/wp-json\/wp\/v2\/users\/1"}],"replies":[{"embeddable":true,"href":"https:\/\/www.prwrestling.com\/nw\/wp-json\/wp\/v2\/comments?post=133258"}],"version-history":[{"count":1,"href":"https:\/\/www.prwrestling.com\/nw\/wp-json\/wp\/v2\/posts\/133258\/revisions"}],"predecessor-version":[{"id":133260,"href":"https:\/\/www.prwrestling.com\/nw\/wp-json\/wp\/v2\/posts\/133258\/revisions\/133260"}],"wp:featuredmedia":[{"embeddable":true,"href":"https:\/\/www.prwrestling.com\/nw\/wp-json\/wp\/v2\/media\/133259"}],"wp:attachment":[{"href":"https:\/\/www.prwrestling.com\/nw\/wp-json\/wp\/v2\/media?parent=133258"}],"wp:term":[{"taxonomy":"category","embeddable":true,"href":"https:\/\/www.prwrestling.com\/nw\/wp-json\/wp\/v2\/categories?post=133258"},{"taxonomy":"post_tag","embeddable":true,"href":"https:\/\/www.prwrestling.com\/nw\/wp-json\/wp\/v2\/tags?post=133258"}],"curies":[{"name":"wp","href":"https:\/\/api.w.org\/{rel}","templated":true}]}}