{"id":133370,"date":"2021-10-20T19:07:46","date_gmt":"2021-10-20T23:07:46","guid":{"rendered":"https:\/\/www.prwrestling.com\/nw\/?p=133370"},"modified":"2023-08-25T07:25:45","modified_gmt":"2023-08-25T11:25:45","slug":"elias-confiesa-haber-quedado-sorprendido-con-la-salida-de-wyatt-de-wwe","status":"publish","type":"post","link":"https:\/\/www.prwrestling.com\/nw\/elias-confiesa-haber-quedado-sorprendido-con-la-salida-de-wyatt-de-wwe\/","title":{"rendered":"Elias confiesa haber quedado sorprendido con la salida de Wyatt de WWE"},"content":{"rendered":"<p>La superestrella de la WWE, Elias, revel\u00f3 que la noticia de que la WWE hab\u00eda liberado a Bray Wyatt lo tom\u00f3 por sorpresa. <!--more--><div id=\"ad-slot\" style=\"min-width: 300px; min-height: 250px;\">\r\n<p style=\"text-align: center;\">\r\n<script async src=\"https:\/\/pagead2.googlesyndication.com\/pagead\/js\/adsbygoogle.js\"><\/script>\r\n<!-- 300x250 sc a -->\r\n<ins class=\"adsbygoogle\"\r\n     style=\"display:inline-block;width:300px;height:250px\"\r\n     data-ad-client=\"ca-pub-1244235910658811\"\r\n     data-ad-slot=\"8592682546\"><\/ins>\r\n<script>\r\n     (adsbygoogle = window.adsbygoogle || []).push({});\r\n<\/script><\/center>\r\n<\/p><\/div><br \/>\nEn una entrevista con el programa de <a href=\"https:\/\/twitter.com\/BrandonKravitz?ref_src=twsrc%5Egoogle%7Ctwcamp%5Eserp%7Ctwgr%5Eauthor\" target=\"_blank\" rel=\"noopener\">Brandon Kravitz<\/a>, Elias dijo que los recortes son &#8220;solo una parte triste del negocio&#8221; y habl\u00f3 sobre la salida de Wyatt sucedida hace unos meses atr\u00e1s.<\/p>\n<p>\u201cSabes, cada vez que alguno de nuestros amigos tiene que ir por caminos separados y cosas as\u00ed, a veces lo piden, a veces no, ni siquiera lo ven venir. Es solo una parte triste de eso, hombre &#8230; &#8221;<\/p>\n<p>\u201c\u2026 Bray Wyatt, es un gran tipo y estoy absolutamente seguro de que sea lo que sea que quiera hacer y en lo que se proponga.&#8221;<br \/>\n<div id=\"ad-slot\" style=\"min-width: 300px; min-height: 250px;\"><p style=\"text-align: center;\">\r\n<script async src=\"https:\/\/pagead2.googlesyndication.com\/pagead\/js\/adsbygoogle.js\"><\/script>\r\n<!-- Responsive sc c -->\r\n<ins class=\"adsbygoogle\"\r\n     style=\"display:block\"\r\n     data-ad-client=\"ca-pub-1244235910658811\"\r\n     data-ad-slot=\"4234005358\"\r\n     data-ad-format=\"auto\"\r\n     data-full-width-responsive=\"true\"><\/ins>\r\n<script>\r\n     (adsbygoogle = window.adsbygoogle || []).push({});\r\n<\/script><\/p><\/div><br \/>\n&#8220;La mente del tipo para la lucha libre es incre\u00edble y creo que todos saben que con The Fiend y Bray Wyatt, todo lo que \u00e9l ha pasado, s\u00ed, me tom\u00f3 con la guardia baja, pero no s\u00e9 cu\u00e1l era la situaci\u00f3n personal.<\/p>\n<p>\u201cPero ya sabes, es un momento loco en el mundo de la lucha libre y estoy seguro de que Bray Wyatt, lo que sea que se proponga ser\u00e1 un \u00e9xito,&#8221; dijo.<\/p>\n","protected":false},"excerpt":{"rendered":"<p>La superestrella de la WWE, Elias, revel\u00f3 que la noticia de que la WWE hab\u00eda liberado a Bray Wyatt lo tom\u00f3 por sorpresa.<\/p>\n","protected":false},"author":1,"featured_media":124582,"comment_status":"closed","ping_status":"closed","sticky":false,"template":"","format":"standard","meta":{"footnotes":""},"categories":[5,38],"tags":[7498,1388,9],"class_list":{"0":"post-133370","1":"post","2":"type-post","3":"status-publish","4":"format-standard","5":"has-post-thumbnail","7":"category-noticias","8":"category-noticias-y-rumores-de-la-wwe","9":"tag-bray-wyatt-windham-rotunda","10":"tag-elias","11":"tag-wwe"},"_links":{"self":[{"href":"https:\/\/www.prwrestling.com\/nw\/wp-json\/wp\/v2\/posts\/133370","targetHints":{"allow":["GET"]}}],"collection":[{"href":"https:\/\/www.prwrestling.com\/nw\/wp-json\/wp\/v2\/posts"}],"about":[{"href":"https:\/\/www.prwrestling.com\/nw\/wp-json\/wp\/v2\/types\/post"}],"author":[{"embeddable":true,"href":"https:\/\/www.prwrestling.com\/nw\/wp-json\/wp\/v2\/users\/1"}],"replies":[{"embeddable":true,"href":"https:\/\/www.prwrestling.com\/nw\/wp-json\/wp\/v2\/comments?post=133370"}],"version-history":[{"count":1,"href":"https:\/\/www.prwrestling.com\/nw\/wp-json\/wp\/v2\/posts\/133370\/revisions"}],"predecessor-version":[{"id":133371,"href":"https:\/\/www.prwrestling.com\/nw\/wp-json\/wp\/v2\/posts\/133370\/revisions\/133371"}],"wp:featuredmedia":[{"embeddable":true,"href":"https:\/\/www.prwrestling.com\/nw\/wp-json\/wp\/v2\/media\/124582"}],"wp:attachment":[{"href":"https:\/\/www.prwrestling.com\/nw\/wp-json\/wp\/v2\/media?parent=133370"}],"wp:term":[{"taxonomy":"category","embeddable":true,"href":"https:\/\/www.prwrestling.com\/nw\/wp-json\/wp\/v2\/categories?post=133370"},{"taxonomy":"post_tag","embeddable":true,"href":"https:\/\/www.prwrestling.com\/nw\/wp-json\/wp\/v2\/tags?post=133370"}],"curies":[{"name":"wp","href":"https:\/\/api.w.org\/{rel}","templated":true}]}}