{"id":133390,"date":"2021-10-22T07:12:49","date_gmt":"2021-10-22T11:12:49","guid":{"rendered":"https:\/\/www.prwrestling.com\/nw\/?p=133390"},"modified":"2021-10-22T07:12:49","modified_gmt":"2021-10-22T11:12:49","slug":"carmella-dice-nunca-sera-respetada-dentro-de-wwe-por-su-apariencia","status":"publish","type":"post","link":"https:\/\/www.prwrestling.com\/nw\/carmella-dice-nunca-sera-respetada-dentro-de-wwe-por-su-apariencia\/","title":{"rendered":"Carmella dice nunca ser\u00e1 respetada dentro de WWE por su apariencia"},"content":{"rendered":"<p>Corey Graves le pregunt\u00f3 a Carmella en el en el \u00faltimo episodio de <a href=\"https:\/\/www.wwe.com\/shows\/wwe-after-the-bell\" target=\"_blank\" rel=\"noopener\">WWE After the Bell<\/a> sobre los comentarios de Mandy Rose sobre querer ser respetada por lo que hace dentro del ring.<!--more--><div id=\"ad-slot\" style=\"min-width: 300px; min-height: 250px;\">\r\n<p style=\"text-align: center;\">\r\n<script async src=\"https:\/\/pagead2.googlesyndication.com\/pagead\/js\/adsbygoogle.js\"><\/script>\r\n<!-- 300x250 sc a -->\r\n<ins class=\"adsbygoogle\"\r\n     style=\"display:inline-block;width:300px;height:250px\"\r\n     data-ad-client=\"ca-pub-1244235910658811\"\r\n     data-ad-slot=\"8592682546\"><\/ins>\r\n<script>\r\n     (adsbygoogle = window.adsbygoogle || []).push({});\r\n<\/script><\/center>\r\n<\/p><\/div><br \/>\nRose ha declarado que no solo es una cara bonita, a lo que Carmella respondi\u00f3 \u201cbuena suerte\u201d, y explic\u00f3 los retos de ser una luchadora atractiva en la WWE.<\/p>\n<p>\u201cEso me enciende, realmente lo hace. Me enojo tanto cuando escucho algo as\u00ed porque [Mandy] es bonita, es una mami, y tiene un gran cuerpo, entonces no puede ser buena en el ring. Ella simplemente \u2018no puede\u2019.<\/p>\n<p>&#8220;Cuando me incorpor\u00e9 en NXT, recuerdo que Bill Demott dijo: \u201cVas a tener que trabajar el doble de duro que todas los dem\u00e1s porque eres bonita &#8220;. Recuerdo eso. Eso es una locura.&#8221;<br \/>\n<div id=\"ad-slot\" style=\"min-width: 300px; min-height: 250px;\"><p style=\"text-align: center;\">\r\n<script async src=\"https:\/\/pagead2.googlesyndication.com\/pagead\/js\/adsbygoogle.js\"><\/script>\r\n<!-- Responsive sc c -->\r\n<ins class=\"adsbygoogle\"\r\n     style=\"display:block\"\r\n     data-ad-client=\"ca-pub-1244235910658811\"\r\n     data-ad-slot=\"4234005358\"\r\n     data-ad-format=\"auto\"\r\n     data-full-width-responsive=\"true\"><\/ins>\r\n<script>\r\n     (adsbygoogle = window.adsbygoogle || []).push({});\r\n<\/script><\/p><\/div><br \/>\n&#8220;Ves a todas estas chicas del pasado que eran hermosas y modelos y todo eso, as\u00ed que pens\u00e9, es una locura escuchar a un entrenador decir, \u2018\u00bfVas a tener que trabajar el doble de duro porque la gente no te respetar\u00e1 por tu apariencia?\u2019 Y simplemente me vol\u00f3 la cabeza, y record\u00e9 que pens\u00e9, est\u00e1 bien, anot\u00e9 y acept\u00e9 el reto.\u201d<\/p>\n<p>&#8220;Eso fue lo que hice. Fui la \u00faltima selecci\u00f3n del draft cuando llegu\u00e9 a SmackDown y me romp\u00ed el trasero e hice historia a diestra y siniestra. He hecho cosas incre\u00edbles en este negocio y no me arrepiento de ellas, no me disculpo por eso y estoy orgullosa de m\u00ed misma por eso. Pase lo que pase, nunca obtendr\u00e9 el respeto que merezco por c\u00f3mo me veo y as\u00ed es. Si no me viera as\u00ed y tuviera los mismos encuentros y la misma carrera, la gente dir\u00eda &#8216;Carmella es incre\u00edble, la amamos&#8217;,&#8221; dijo.<\/p>\n","protected":false},"excerpt":{"rendered":"<p>Corey Graves le pregunt\u00f3 a Carmella en el en el \u00faltimo episodio de WWE After the Bell sobre los comentarios de Mandy Rose sobre querer ser respetada por lo que hace dentro del ring.<\/p>\n","protected":false},"author":1,"featured_media":133392,"comment_status":"closed","ping_status":"closed","sticky":false,"template":"","format":"standard","meta":{"footnotes":""},"categories":[5,38],"tags":[1904,9],"class_list":{"0":"post-133390","1":"post","2":"type-post","3":"status-publish","4":"format-standard","5":"has-post-thumbnail","7":"category-noticias","8":"category-noticias-y-rumores-de-la-wwe","9":"tag-carmella","10":"tag-wwe"},"_links":{"self":[{"href":"https:\/\/www.prwrestling.com\/nw\/wp-json\/wp\/v2\/posts\/133390","targetHints":{"allow":["GET"]}}],"collection":[{"href":"https:\/\/www.prwrestling.com\/nw\/wp-json\/wp\/v2\/posts"}],"about":[{"href":"https:\/\/www.prwrestling.com\/nw\/wp-json\/wp\/v2\/types\/post"}],"author":[{"embeddable":true,"href":"https:\/\/www.prwrestling.com\/nw\/wp-json\/wp\/v2\/users\/1"}],"replies":[{"embeddable":true,"href":"https:\/\/www.prwrestling.com\/nw\/wp-json\/wp\/v2\/comments?post=133390"}],"version-history":[{"count":1,"href":"https:\/\/www.prwrestling.com\/nw\/wp-json\/wp\/v2\/posts\/133390\/revisions"}],"predecessor-version":[{"id":133393,"href":"https:\/\/www.prwrestling.com\/nw\/wp-json\/wp\/v2\/posts\/133390\/revisions\/133393"}],"wp:featuredmedia":[{"embeddable":true,"href":"https:\/\/www.prwrestling.com\/nw\/wp-json\/wp\/v2\/media\/133392"}],"wp:attachment":[{"href":"https:\/\/www.prwrestling.com\/nw\/wp-json\/wp\/v2\/media?parent=133390"}],"wp:term":[{"taxonomy":"category","embeddable":true,"href":"https:\/\/www.prwrestling.com\/nw\/wp-json\/wp\/v2\/categories?post=133390"},{"taxonomy":"post_tag","embeddable":true,"href":"https:\/\/www.prwrestling.com\/nw\/wp-json\/wp\/v2\/tags?post=133390"}],"curies":[{"name":"wp","href":"https:\/\/api.w.org\/{rel}","templated":true}]}}