{"id":133513,"date":"2021-10-29T10:38:58","date_gmt":"2021-10-29T14:38:58","guid":{"rendered":"https:\/\/www.prwrestling.com\/nw\/?p=133513"},"modified":"2021-10-29T10:38:58","modified_gmt":"2021-10-29T14:38:58","slug":"lana-muestra-nuevo-look","status":"publish","type":"post","link":"https:\/\/www.prwrestling.com\/nw\/lana-muestra-nuevo-look\/","title":{"rendered":"Lana muestra nuevo &#8220;look&#8221;"},"content":{"rendered":"<p>La ex superestrella de la WWE, Lana, ha dejado atr\u00e1s su cabello rubio.<!--more--><div id=\"ad-slot\" style=\"min-width: 300px; min-height: 250px;\">\r\n<p style=\"text-align: center;\">\r\n<script async src=\"https:\/\/pagead2.googlesyndication.com\/pagead\/js\/adsbygoogle.js\"><\/script>\r\n<!-- 300x250 sc a -->\r\n<ins class=\"adsbygoogle\"\r\n     style=\"display:inline-block;width:300px;height:250px\"\r\n     data-ad-client=\"ca-pub-1244235910658811\"\r\n     data-ad-slot=\"8592682546\"><\/ins>\r\n<script>\r\n     (adsbygoogle = window.adsbygoogle || []).push({});\r\n<\/script><\/center>\r\n<\/p><\/div><br \/>\nEl jueves, la ex luchadora de WWE comparti\u00f3 varios videos de su nuevo look a trav\u00e9s de<a href=\"http:\/\/instagram.com\" target=\"_blank\" rel=\"noopener\"> Instagram<\/a> Stories.<\/p>\n<p>Parece que Lana ha cambiado su apariencia para hacer una audici\u00f3n para una pel\u00edcula o programa de televisi\u00f3n, ya que uno de sus subt\u00edtulos ped\u00eda a los fan\u00e1ticos que adivinaran para qu\u00e9 estaba audicionando.<br \/>\n<img loading=\"lazy\" decoding=\"async\" class=\"alignnone size-large\" src=\"https:\/\/www.wrestlinginc.com\/ezoimgfmt\/149566639.v2.pressablecdn.com\/wp-content\/uploads\/2021\/10\/LanaIG3.png\" width=\"342\" height=\"595\" \/><br \/>\n<img loading=\"lazy\" decoding=\"async\" class=\"alignnone size-large\" src=\"https:\/\/www.wrestlinginc.com\/ezoimgfmt\/149566639.v2.pressablecdn.com\/wp-content\/uploads\/2021\/10\/LanaIG1.png\" width=\"349\" height=\"620\" \/><\/p>\n","protected":false},"excerpt":{"rendered":"<p>La ex superestrella de la WWE, Lana, ha dejado atr\u00e1s su cabello rubio.<\/p>\n","protected":false},"author":1,"featured_media":128547,"comment_status":"closed","ping_status":"closed","sticky":false,"template":"","format":"standard","meta":{"footnotes":""},"categories":[5],"tags":[1404],"class_list":{"0":"post-133513","1":"post","2":"type-post","3":"status-publish","4":"format-standard","5":"has-post-thumbnail","7":"category-noticias","8":"tag-lana"},"_links":{"self":[{"href":"https:\/\/www.prwrestling.com\/nw\/wp-json\/wp\/v2\/posts\/133513","targetHints":{"allow":["GET"]}}],"collection":[{"href":"https:\/\/www.prwrestling.com\/nw\/wp-json\/wp\/v2\/posts"}],"about":[{"href":"https:\/\/www.prwrestling.com\/nw\/wp-json\/wp\/v2\/types\/post"}],"author":[{"embeddable":true,"href":"https:\/\/www.prwrestling.com\/nw\/wp-json\/wp\/v2\/users\/1"}],"replies":[{"embeddable":true,"href":"https:\/\/www.prwrestling.com\/nw\/wp-json\/wp\/v2\/comments?post=133513"}],"version-history":[{"count":1,"href":"https:\/\/www.prwrestling.com\/nw\/wp-json\/wp\/v2\/posts\/133513\/revisions"}],"predecessor-version":[{"id":133514,"href":"https:\/\/www.prwrestling.com\/nw\/wp-json\/wp\/v2\/posts\/133513\/revisions\/133514"}],"wp:featuredmedia":[{"embeddable":true,"href":"https:\/\/www.prwrestling.com\/nw\/wp-json\/wp\/v2\/media\/128547"}],"wp:attachment":[{"href":"https:\/\/www.prwrestling.com\/nw\/wp-json\/wp\/v2\/media?parent=133513"}],"wp:term":[{"taxonomy":"category","embeddable":true,"href":"https:\/\/www.prwrestling.com\/nw\/wp-json\/wp\/v2\/categories?post=133513"},{"taxonomy":"post_tag","embeddable":true,"href":"https:\/\/www.prwrestling.com\/nw\/wp-json\/wp\/v2\/tags?post=133513"}],"curies":[{"name":"wp","href":"https:\/\/api.w.org\/{rel}","templated":true}]}}