{"id":133637,"date":"2021-11-06T08:41:56","date_gmt":"2021-11-06T12:41:56","guid":{"rendered":"https:\/\/www.prwrestling.com\/nw\/?p=133637"},"modified":"2021-11-06T08:41:56","modified_gmt":"2021-11-06T12:41:56","slug":"reporte-keith-lee-tenia-problemas-de-actitud-tras-bastidores-en-wwe","status":"publish","type":"post","link":"https:\/\/www.prwrestling.com\/nw\/reporte-keith-lee-tenia-problemas-de-actitud-tras-bastidores-en-wwe\/","title":{"rendered":"Reporte: Keith Lee ten\u00eda &#8220;problemas de actitud&#8221; tras bastidores en WWE"},"content":{"rendered":"<p>Mientras hablaba en el programa de audio VIP de PWTorch, Wade Keller habl\u00f3 sobre c\u00f3mo se percib\u00eda a Keith Lee detr\u00e1s del escenario. <!--more--><div id=\"ad-slot\" style=\"min-width: 300px; min-height: 250px;\">\r\n<p style=\"text-align: center;\">\r\n<script async src=\"https:\/\/pagead2.googlesyndication.com\/pagead\/js\/adsbygoogle.js\"><\/script>\r\n<!-- 300x250 sc a -->\r\n<ins class=\"adsbygoogle\"\r\n     style=\"display:inline-block;width:300px;height:250px\"\r\n     data-ad-client=\"ca-pub-1244235910658811\"\r\n     data-ad-slot=\"8592682546\"><\/ins>\r\n<script>\r\n     (adsbygoogle = window.adsbygoogle || []).push({});\r\n<\/script><\/center>\r\n<\/p><\/div><br \/>\nSe dijo que, para algunas personas dentro de WWE, Keith Lee ten\u00eda problemas de actitud y estos pudieron ser parte de lo que influy\u00f3 que fuera cesanteado.<\/p>\n<p>\u201cKeith Lee, he relatado durante meses y meses y meses y meses y meses, era alguien que incluso las personas que lo apoyaban tras bastidores, se frustraban con \u00e9l.\u201d<\/p>\n<p>\u201cTen\u00eda, en general, problemas de actitud. O, como me dijo un luchador esta noche, &#8220;problemas de actitud percibida&#8221;, otros han dicho abiertamente &#8230; problemas de actitud. Estaba frustrado.\u201d<br \/>\n<div id=\"ad-slot\" style=\"min-width: 300px; min-height: 250px;\"><p style=\"text-align: center;\">\r\n<script async src=\"https:\/\/pagead2.googlesyndication.com\/pagead\/js\/adsbygoogle.js\"><\/script>\r\n<!-- Responsive sc c -->\r\n<ins class=\"adsbygoogle\"\r\n     style=\"display:block\"\r\n     data-ad-client=\"ca-pub-1244235910658811\"\r\n     data-ad-slot=\"4234005358\"\r\n     data-ad-format=\"auto\"\r\n     data-full-width-responsive=\"true\"><\/ins>\r\n<script>\r\n     (adsbygoogle = window.adsbygoogle || []).push({});\r\n<\/script><\/p><\/div><br \/>\n\u201cEscuch\u00e9 cosas diferentes sobre \u00e9l en t\u00e9rminos de que su estado de \u00e1nimo se alter\u00f3 m\u00e1s de lo que deber\u00eda en la era moderna, cuando se trataba de perder en las luchas,&#8221; dijo Keller.<\/p>\n<blockquote class=\"twitter-tweet\">\n<p dir=\"ltr\" lang=\"en\">The audio <a href=\"https:\/\/t.co\/CALe0XuhQU\">pic.twitter.com\/CALe0XuhQU<\/a><\/p>\n<p>\u2014 BRICK (@Brick_Zon) <a href=\"https:\/\/twitter.com\/Brick_Zon\/status\/1456777047569752064?ref_src=twsrc%5Etfw\" target=\"_blank\" rel=\"noopener\">November 6, 2021<\/a><\/p><\/blockquote>\n<p><script async src=\"https:\/\/platform.twitter.com\/widgets.js\" charset=\"utf-8\"><\/script><\/p>\n","protected":false},"excerpt":{"rendered":"<p>Mientras hablaba en el programa de audio VIP de PWTorch, Wade Keller habl\u00f3 sobre c\u00f3mo se percib\u00eda a Keith Lee detr\u00e1s del escenario.<\/p>\n","protected":false},"author":1,"featured_media":127839,"comment_status":"closed","ping_status":"closed","sticky":false,"template":"","format":"standard","meta":{"footnotes":""},"categories":[5,38],"tags":[5788,9],"class_list":{"0":"post-133637","1":"post","2":"type-post","3":"status-publish","4":"format-standard","5":"has-post-thumbnail","7":"category-noticias","8":"category-noticias-y-rumores-de-la-wwe","9":"tag-keith-lee","10":"tag-wwe"},"_links":{"self":[{"href":"https:\/\/www.prwrestling.com\/nw\/wp-json\/wp\/v2\/posts\/133637","targetHints":{"allow":["GET"]}}],"collection":[{"href":"https:\/\/www.prwrestling.com\/nw\/wp-json\/wp\/v2\/posts"}],"about":[{"href":"https:\/\/www.prwrestling.com\/nw\/wp-json\/wp\/v2\/types\/post"}],"author":[{"embeddable":true,"href":"https:\/\/www.prwrestling.com\/nw\/wp-json\/wp\/v2\/users\/1"}],"replies":[{"embeddable":true,"href":"https:\/\/www.prwrestling.com\/nw\/wp-json\/wp\/v2\/comments?post=133637"}],"version-history":[{"count":0,"href":"https:\/\/www.prwrestling.com\/nw\/wp-json\/wp\/v2\/posts\/133637\/revisions"}],"wp:featuredmedia":[{"embeddable":true,"href":"https:\/\/www.prwrestling.com\/nw\/wp-json\/wp\/v2\/media\/127839"}],"wp:attachment":[{"href":"https:\/\/www.prwrestling.com\/nw\/wp-json\/wp\/v2\/media?parent=133637"}],"wp:term":[{"taxonomy":"category","embeddable":true,"href":"https:\/\/www.prwrestling.com\/nw\/wp-json\/wp\/v2\/categories?post=133637"},{"taxonomy":"post_tag","embeddable":true,"href":"https:\/\/www.prwrestling.com\/nw\/wp-json\/wp\/v2\/tags?post=133637"}],"curies":[{"name":"wp","href":"https:\/\/api.w.org\/{rel}","templated":true}]}}