{"id":133929,"date":"2021-11-28T15:15:34","date_gmt":"2021-11-28T20:15:34","guid":{"rendered":"https:\/\/www.prwrestling.com\/nw\/?p=133929"},"modified":"2021-11-28T15:15:53","modified_gmt":"2021-11-28T20:15:53","slug":"foto-strowman-y-rowan-se-reunen","status":"publish","type":"post","link":"https:\/\/www.prwrestling.com\/nw\/foto-strowman-y-rowan-se-reunen\/","title":{"rendered":"Foto: Strowman y Rowan se re\u00fanen"},"content":{"rendered":"<p>Braun Strowman fue presentado por primera vez a los fan\u00e1ticos de la WWE como la oveja negra de la familia Wyatt.<!--more--><br \/>\nDesde entonces, esa facci\u00f3n se ha ido uno por uno de la WWE, pero dos miembros pudieron reunirse hoy.<div id=\"ad-slot\" style=\"min-width: 300px; min-height: 250px;\">\r\n<p style=\"text-align: center;\">\r\n<script async src=\"https:\/\/pagead2.googlesyndication.com\/pagead\/js\/adsbygoogle.js\"><\/script>\r\n<!-- 300x250 sc a -->\r\n<ins class=\"adsbygoogle\"\r\n     style=\"display:inline-block;width:300px;height:250px\"\r\n     data-ad-client=\"ca-pub-1244235910658811\"\r\n     data-ad-slot=\"8592682546\"><\/ins>\r\n<script>\r\n     (adsbygoogle = window.adsbygoogle || []).push({});\r\n<\/script><\/center>\r\n<\/p><\/div><br \/>\nStrowman se encontr\u00f3 con Erick Rowan y parec\u00edan felices de ponerse al d\u00eda con los viejos tiempos cuando Adam Scherr public\u00f3 una foto de ellos, quienes fueron parte de la convenci\u00f3n WrestleCade:<\/p>\n<blockquote class=\"twitter-tweet\">\n<p dir=\"ltr\" lang=\"en\">Family!!! <a href=\"https:\/\/t.co\/M4deo2BJZ7\">pic.twitter.com\/M4deo2BJZ7<\/a><\/p>\n<p>\u2014 Adam Scherr (@Adamscherr99) <a href=\"https:\/\/twitter.com\/Adamscherr99\/status\/1464993807456428035?ref_src=twsrc%5Etfw\" target=\"_blank\" rel=\"noopener\">November 28, 2021<\/a><\/p><\/blockquote>\n<p><script async src=\"https:\/\/platform.twitter.com\/widgets.js\" charset=\"utf-8\"><\/script><\/p>\n","protected":false},"excerpt":{"rendered":"<p>Braun Strowman fue presentado por primera vez a los fan\u00e1ticos de la WWE como la oveja negra de la familia Wyatt.<\/p>\n","protected":false},"author":1,"featured_media":27587,"comment_status":"closed","ping_status":"closed","sticky":false,"template":"","format":"standard","meta":{"footnotes":""},"categories":[5],"tags":[1356],"class_list":{"0":"post-133929","1":"post","2":"type-post","3":"status-publish","4":"format-standard","5":"has-post-thumbnail","7":"category-noticias","8":"tag-brawn-strowman"},"_links":{"self":[{"href":"https:\/\/www.prwrestling.com\/nw\/wp-json\/wp\/v2\/posts\/133929","targetHints":{"allow":["GET"]}}],"collection":[{"href":"https:\/\/www.prwrestling.com\/nw\/wp-json\/wp\/v2\/posts"}],"about":[{"href":"https:\/\/www.prwrestling.com\/nw\/wp-json\/wp\/v2\/types\/post"}],"author":[{"embeddable":true,"href":"https:\/\/www.prwrestling.com\/nw\/wp-json\/wp\/v2\/users\/1"}],"replies":[{"embeddable":true,"href":"https:\/\/www.prwrestling.com\/nw\/wp-json\/wp\/v2\/comments?post=133929"}],"version-history":[{"count":2,"href":"https:\/\/www.prwrestling.com\/nw\/wp-json\/wp\/v2\/posts\/133929\/revisions"}],"predecessor-version":[{"id":133932,"href":"https:\/\/www.prwrestling.com\/nw\/wp-json\/wp\/v2\/posts\/133929\/revisions\/133932"}],"wp:featuredmedia":[{"embeddable":true,"href":"https:\/\/www.prwrestling.com\/nw\/wp-json\/wp\/v2\/media\/27587"}],"wp:attachment":[{"href":"https:\/\/www.prwrestling.com\/nw\/wp-json\/wp\/v2\/media?parent=133929"}],"wp:term":[{"taxonomy":"category","embeddable":true,"href":"https:\/\/www.prwrestling.com\/nw\/wp-json\/wp\/v2\/categories?post=133929"},{"taxonomy":"post_tag","embeddable":true,"href":"https:\/\/www.prwrestling.com\/nw\/wp-json\/wp\/v2\/tags?post=133929"}],"curies":[{"name":"wp","href":"https:\/\/api.w.org\/{rel}","templated":true}]}}