{"id":134004,"date":"2022-01-02T08:29:49","date_gmt":"2022-01-02T13:29:49","guid":{"rendered":"https:\/\/www.prwrestling.com\/nw\/?p=134004"},"modified":"2022-01-02T08:43:24","modified_gmt":"2022-01-02T13:43:24","slug":"problemas-en-cuello-fuerzan-que-wwe-remuevan-a-mcintyre-del-panorama","status":"publish","type":"post","link":"https:\/\/www.prwrestling.com\/nw\/problemas-en-cuello-fuerzan-que-wwe-remuevan-a-mcintyre-del-panorama\/","title":{"rendered":"Problemas en cuello fuerzan que WWE remueva a McIntyre del panorama"},"content":{"rendered":"<p>Drew McIntyre fue brutalmente agredido a manos de Happy Corbin y Madcap Moss anoche durante un ataque ocurrido en Day 1. <!--more--><div id=\"ad-slot\" style=\"min-width: 300px; min-height: 250px;\"><p style=\"text-align: center;\">\r\n<script async src=\"https:\/\/pagead2.googlesyndication.com\/pagead\/js\/adsbygoogle.js\"><\/script>\r\n<!-- Responsive sc c -->\r\n<ins class=\"adsbygoogle\"\r\n     style=\"display:block\"\r\n     data-ad-client=\"ca-pub-1244235910658811\"\r\n     data-ad-slot=\"4234005358\"\r\n     data-ad-format=\"auto\"\r\n     data-full-width-responsive=\"true\"><\/ins>\r\n<script>\r\n     (adsbygoogle = window.adsbygoogle || []).push({});\r\n<\/script><\/p><\/div><br \/>\nLuego, WWE anunci\u00f3 que McIntyre sufri\u00f3 lesiones, pero las lesiones reales no se revelaron en ese momento.<\/p>\n<p>Seg\u00fan Dave Meltzer en <a href=\"http:\/\/wrestlingobserver.com\" target=\"_blank\" rel=\"noopener\">Wrestling Observer Radio<\/a>, Drew McIntyre ha estado teniendo problemas de cuello preexistentes durante bastante tiempo, raz\u00f3n por la que se hizo el ataque anoche.<\/p>\n<p>&#8220;Lo de Drew, supongo que le han molestado los problemas en el cuello, lo que dice algo porque trabaj\u00f3 dos luchas cada noche la semana pasada. Luch\u00f3 en una pelea por el t\u00edtulo en parejas contra The Usos y una pelea callejera contra Sheamus en cada show y tambi\u00e9n fue el caballo de batalla de la WWE este a\u00f1o. Tuvo m\u00e1s combates en el 2021 que nadie &#8220;.<br \/>\n<div id=\"ad-slot\" style=\"min-width: 300px; min-height: 250px;\">\r\n<p style=\"text-align: center;\">\r\n<!-- Site name: prwrestling.com\r\nZone name: prwrestling.com_banner_300x250\r\nZone id: 2109741734\r\nType: banner\r\nFormat: 300x250\r\n --> \r\n\r\n<!-- Copy and paste this code on the page. -->\r\n<div id='zone_2109741734' ><\/div>\r\n<script>\r\n    (function(w,d,o,g,r,a,m){\r\n        var cid='zone_2109741734';\r\n        w[r]=w[r]||function(){(w[r+'l']=w[r+'l']||[]).push(arguments)};\r\n        function e(b,w,r){if((w[r+'h']=b.pop())&&!w.ABN){\r\n            var a=d.createElement(o),p=d.getElementsByTagName(o)[0];a.async=1;\r\n            a.src='https:\/\/cdn.'+w[r+'h']+'\/libs\/e.js';a.onerror=function(){e(g,w,r)};\r\n            p.parentNode.insertBefore(a,p)}}e(g,w,r);\r\n        w[r](cid,{id:2109741734,domain:w[r+'h']});\r\n    })(window,document,'script',['traffmovie.com'],'ABNS');\r\n<\/script>\r\n\r\n<!--\r\nWhen setting the zone code, make sure:\r\n  - you have provided all domains from which the area code will be called\r\n  - the site does not limit the loading in the Content Security Policy\r\n  - the area code is installed in the ad space inside the page\r\n  - site layout allows you to display the banner on mobile devices in full size\r\nUse data-cp1={customParam1} data-cp2={customParam2}... attributes for sending custom params\r\n-->\r\n<\/p><\/div><br \/>\nMeltzer adem\u00e1s se\u00f1al\u00f3 que aunque McIntyre trabaj\u00f3 menos de 100 luchas en 2021, el luchador que es reconocido como el \u201ccaballo de batalla\u201d de la WWE generalmente sufre alg\u00fan tipo de lesi\u00f3n el pr\u00f3ximo a\u00f1o por el embate propgresivo a su cuerpo.<\/p>\n<p>La gravedad de los problemas de cuello de Drew McIntyre a\u00fan no se conocen y tampoco se dio un estimado para su regreso.<\/p>\n","protected":false},"excerpt":{"rendered":"<p>Drew McIntyre fue brutalmente agredido a manos de Happy Corbin y Madcap Moss anoche durante un ataque ocurrido en Day 1.<\/p>\n","protected":false},"author":3,"featured_media":130816,"comment_status":"closed","ping_status":"closed","sticky":false,"template":"","format":"standard","meta":{"footnotes":""},"categories":[5,38],"tags":[],"class_list":["post-134004","post","type-post","status-publish","format-standard","has-post-thumbnail","category-noticias","category-noticias-y-rumores-de-la-wwe"],"_links":{"self":[{"href":"https:\/\/www.prwrestling.com\/nw\/wp-json\/wp\/v2\/posts\/134004","targetHints":{"allow":["GET"]}}],"collection":[{"href":"https:\/\/www.prwrestling.com\/nw\/wp-json\/wp\/v2\/posts"}],"about":[{"href":"https:\/\/www.prwrestling.com\/nw\/wp-json\/wp\/v2\/types\/post"}],"author":[{"embeddable":true,"href":"https:\/\/www.prwrestling.com\/nw\/wp-json\/wp\/v2\/users\/3"}],"replies":[{"embeddable":true,"href":"https:\/\/www.prwrestling.com\/nw\/wp-json\/wp\/v2\/comments?post=134004"}],"version-history":[{"count":2,"href":"https:\/\/www.prwrestling.com\/nw\/wp-json\/wp\/v2\/posts\/134004\/revisions"}],"predecessor-version":[{"id":134008,"href":"https:\/\/www.prwrestling.com\/nw\/wp-json\/wp\/v2\/posts\/134004\/revisions\/134008"}],"wp:featuredmedia":[{"embeddable":true,"href":"https:\/\/www.prwrestling.com\/nw\/wp-json\/wp\/v2\/media\/130816"}],"wp:attachment":[{"href":"https:\/\/www.prwrestling.com\/nw\/wp-json\/wp\/v2\/media?parent=134004"}],"wp:term":[{"taxonomy":"category","embeddable":true,"href":"https:\/\/www.prwrestling.com\/nw\/wp-json\/wp\/v2\/categories?post=134004"},{"taxonomy":"post_tag","embeddable":true,"href":"https:\/\/www.prwrestling.com\/nw\/wp-json\/wp\/v2\/tags?post=134004"}],"curies":[{"name":"wp","href":"https:\/\/api.w.org\/{rel}","templated":true}]}}