{"id":134087,"date":"2022-01-06T09:24:13","date_gmt":"2022-01-06T14:24:13","guid":{"rendered":"https:\/\/www.prwrestling.com\/nw\/?p=134087"},"modified":"2022-01-06T09:24:33","modified_gmt":"2022-01-06T14:24:33","slug":"rumor-sobre-el-proximo-retador-de-roman-reigns","status":"publish","type":"post","link":"https:\/\/www.prwrestling.com\/nw\/rumor-sobre-el-proximo-retador-de-roman-reigns\/","title":{"rendered":"Rumor sobre el pr\u00f3ximo retador de Roman Reigns"},"content":{"rendered":"<p>Como se inform\u00f3 anteriormente, Roman Reigns dio positivo por COVID-19. <!--more-->Debido a esto, fue retirado de su lucha por el Campeonato Universal de la WWE contra Brock Lesnar en Day 1. <div id=\"ad-slot\" style=\"min-width: 300px; min-height: 250px;\">\r\n<p style=\"text-align: center;\">\r\n<!-- Site name: prwrestling.com\r\nZone name: prwrestling.com_banner_300x250\r\nZone id: 2109741734\r\nType: banner\r\nFormat: 300x250\r\n --> \r\n\r\n<!-- Copy and paste this code on the page. -->\r\n<div id='zone_2109741734' ><\/div>\r\n<script>\r\n    (function(w,d,o,g,r,a,m){\r\n        var cid='zone_2109741734';\r\n        w[r]=w[r]||function(){(w[r+'l']=w[r+'l']||[]).push(arguments)};\r\n        function e(b,w,r){if((w[r+'h']=b.pop())&&!w.ABN){\r\n            var a=d.createElement(o),p=d.getElementsByTagName(o)[0];a.async=1;\r\n            a.src='https:\/\/cdn.'+w[r+'h']+'\/libs\/e.js';a.onerror=function(){e(g,w,r)};\r\n            p.parentNode.insertBefore(a,p)}}e(g,w,r);\r\n        w[r](cid,{id:2109741734,domain:w[r+'h']});\r\n    })(window,document,'script',['traffmovie.com'],'ABNS');\r\n<\/script>\r\n\r\n<!--\r\nWhen setting the zone code, make sure:\r\n  - you have provided all domains from which the area code will be called\r\n  - the site does not limit the loading in the Content Security Policy\r\n  - the area code is installed in the ad space inside the page\r\n  - site layout allows you to display the banner on mobile devices in full size\r\nUse data-cp1={customParam1} data-cp2={customParam2}... attributes for sending custom params\r\n-->\r\n<\/p><\/div><br \/>\nLesnar continuar\u00eda participando en el combate por el Campeonato de la WWE y termin\u00f3 ganando para convertirse en el nuevo campe\u00f3n.<\/p>\n<p>Seg\u00fan Dave Meltzer en Wrestling Observer Radio, WWE podr\u00eda estar planeando que una superestrella de Monday Night RAW se convierta en el pr\u00f3ximo oponente de Roman Reigns por el momento. La raz\u00f3n parece ser que el lado de Smackdown est\u00e1 corto de luchadores de nivel estelar que no hayan tenido una ri\u00f1a con Reigns.<br \/>\n<div id=\"ad-slot\" style=\"min-width: 300px; min-height: 250px;\"><p style=\"text-align: center;\">\r\n<script async src=\"https:\/\/pagead2.googlesyndication.com\/pagead\/js\/adsbygoogle.js\"><\/script>\r\n<!-- Responsive sc c -->\r\n<ins class=\"adsbygoogle\"\r\n     style=\"display:block\"\r\n     data-ad-client=\"ca-pub-1244235910658811\"\r\n     data-ad-slot=\"4234005358\"\r\n     data-ad-format=\"auto\"\r\n     data-full-width-responsive=\"true\"><\/ins>\r\n<script>\r\n     (adsbygoogle = window.adsbygoogle || []).push({});\r\n<\/script><\/p><\/div><br \/>\nLesnar y Reigns van a tener una confrontaci\u00f3n este viernes en Smackdown, y se espera que tal vez eso establezca su pr\u00f3ximo retador cual Meltzer describi\u00f3 como el \u201ccordero sacrificado &#8220;.<\/p>\n<p>A pesar de este posible escenario, a\u00fan se espera que Lesnar y Reigns se enfrenten en WrestleMania.<\/p>\n","protected":false},"excerpt":{"rendered":"<p>Como se inform\u00f3 anteriormente, Roman Reigns dio positivo por COVID-19.<\/p>\n","protected":false},"author":3,"featured_media":132751,"comment_status":"closed","ping_status":"closed","sticky":false,"template":"","format":"standard","meta":{"footnotes":""},"categories":[5,38],"tags":[],"class_list":["post-134087","post","type-post","status-publish","format-standard","has-post-thumbnail","category-noticias","category-noticias-y-rumores-de-la-wwe"],"_links":{"self":[{"href":"https:\/\/www.prwrestling.com\/nw\/wp-json\/wp\/v2\/posts\/134087","targetHints":{"allow":["GET"]}}],"collection":[{"href":"https:\/\/www.prwrestling.com\/nw\/wp-json\/wp\/v2\/posts"}],"about":[{"href":"https:\/\/www.prwrestling.com\/nw\/wp-json\/wp\/v2\/types\/post"}],"author":[{"embeddable":true,"href":"https:\/\/www.prwrestling.com\/nw\/wp-json\/wp\/v2\/users\/3"}],"replies":[{"embeddable":true,"href":"https:\/\/www.prwrestling.com\/nw\/wp-json\/wp\/v2\/comments?post=134087"}],"version-history":[{"count":1,"href":"https:\/\/www.prwrestling.com\/nw\/wp-json\/wp\/v2\/posts\/134087\/revisions"}],"predecessor-version":[{"id":134088,"href":"https:\/\/www.prwrestling.com\/nw\/wp-json\/wp\/v2\/posts\/134087\/revisions\/134088"}],"wp:featuredmedia":[{"embeddable":true,"href":"https:\/\/www.prwrestling.com\/nw\/wp-json\/wp\/v2\/media\/132751"}],"wp:attachment":[{"href":"https:\/\/www.prwrestling.com\/nw\/wp-json\/wp\/v2\/media?parent=134087"}],"wp:term":[{"taxonomy":"category","embeddable":true,"href":"https:\/\/www.prwrestling.com\/nw\/wp-json\/wp\/v2\/categories?post=134087"},{"taxonomy":"post_tag","embeddable":true,"href":"https:\/\/www.prwrestling.com\/nw\/wp-json\/wp\/v2\/tags?post=134087"}],"curies":[{"name":"wp","href":"https:\/\/api.w.org\/{rel}","templated":true}]}}