{"id":134305,"date":"2022-01-20T17:30:14","date_gmt":"2022-01-20T22:30:14","guid":{"rendered":"https:\/\/www.prwrestling.com\/nw\/?p=134305"},"modified":"2022-01-20T17:31:41","modified_gmt":"2022-01-20T22:31:41","slug":"carmella-y-nyla-rose-tienen-covid-19","status":"publish","type":"post","link":"https:\/\/www.prwrestling.com\/nw\/carmella-y-nyla-rose-tienen-covid-19\/","title":{"rendered":"Carmella y Nyla Rose tienen COVID-19"},"content":{"rendered":"<p>Durante el \u00faltimo episodio del podcast Bare With Us, Carmella y Corey Graves reflexionaron sobre sus experiencias con el COVID-19. <!--more--><div id=\"ad-slot\" style=\"min-width: 300px; min-height: 250px;\">\r\n<p style=\"text-align: center;\">\r\n<!-- Site name: prwrestling.com\r\nZone name: prwrestling.com_banner_300x250\r\nZone id: 2109741734\r\nType: banner\r\nFormat: 300x250\r\n --> \r\n\r\n<!-- Copy and paste this code on the page. -->\r\n<div id='zone_2109741734' ><\/div>\r\n<script>\r\n    (function(w,d,o,g,r,a,m){\r\n        var cid='zone_2109741734';\r\n        w[r]=w[r]||function(){(w[r+'l']=w[r+'l']||[]).push(arguments)};\r\n        function e(b,w,r){if((w[r+'h']=b.pop())&&!w.ABN){\r\n            var a=d.createElement(o),p=d.getElementsByTagName(o)[0];a.async=1;\r\n            a.src='https:\/\/cdn.'+w[r+'h']+'\/libs\/e.js';a.onerror=function(){e(g,w,r)};\r\n            p.parentNode.insertBefore(a,p)}}e(g,w,r);\r\n        w[r](cid,{id:2109741734,domain:w[r+'h']});\r\n    })(window,document,'script',['traffmovie.com'],'ABNS');\r\n<\/script>\r\n\r\n<!--\r\nWhen setting the zone code, make sure:\r\n  - you have provided all domains from which the area code will be called\r\n  - the site does not limit the loading in the Content Security Policy\r\n  - the area code is installed in the ad space inside the page\r\n  - site layout allows you to display the banner on mobile devices in full size\r\nUse data-cp1={customParam1} data-cp2={customParam2}... attributes for sending custom params\r\n-->\r\n<\/p><\/div><br \/>\nDesafortunadamente, Carmella recientemente dio positivo por el virus, y la ex campeona femenina de SmackDown admiti\u00f3 que estaba agotada.<\/p>\n<p>\u201cChicos, tengo el \u2018vid\u2019. Lo tengo, lo consegu\u00ed, me atrap\u00f3. Tengo COVID, tengo, tengo. \u00bfAcerca de? Hace una semana y media, no hace dos semanas\u201d, dijo Carmella. \u201cMe despert\u00e9 solo, no me sent\u00eda bien. Realmente cansada y agotada. Me hice unas pruebas y di positivo. Y luego, quiero decir que fue como un resfriado, fue un poco peor que un resfriado. Estuve deprimida durante tres o cuatro d\u00edas, simplemente sin hacer mucho. Pero, ya en el sube y sube sinti\u00e9ndose mejor ahora,\u201d dijo Carmella<\/p>\n<h2>Nyla Rose tambi\u00e9n da positivo al COVID<\/h2>\n<p>La luchadora de AEW estaba programada para luchar para Enjoy Wrestling el 22 de enero contra Edith Surreal. Una prueba positiva para COVID-19 ha obligado a la promoci\u00f3n a cancelar esos planes. Anunciaron la cancelaci\u00f3n a trav\u00e9s de Twitter y diciendo que Evil Uno ser\u00e1 su reemplazo en el evento. Nyla respondi\u00f3 disculp\u00e1ndose.<br \/>\n<div id=\"ad-slot\" style=\"min-width: 300px; min-height: 250px;\"><p style=\"text-align: center;\">\r\n<script async src=\"https:\/\/pagead2.googlesyndication.com\/pagead\/js\/adsbygoogle.js\"><\/script>\r\n<!-- Responsive sc c -->\r\n<ins class=\"adsbygoogle\"\r\n     style=\"display:block\"\r\n     data-ad-client=\"ca-pub-1244235910658811\"\r\n     data-ad-slot=\"4234005358\"\r\n     data-ad-format=\"auto\"\r\n     data-full-width-responsive=\"true\"><\/ins>\r\n<script>\r\n     (adsbygoogle = window.adsbygoogle || []).push({});\r\n<\/script><\/p><\/div><br \/>\n\u201cAbsolutamente me rompe el coraz\u00f3n tener que cancelar shows\u2026 pero en este caso habr\u00eda sido incre\u00edblemente negligente de mi parte no hacerlo. Sin embargo, hay beneficios de estar adyacente al Dark Order,\u201d dijo Rose via Twitter.<\/p>\n","protected":false},"excerpt":{"rendered":"<p>Durante el \u00faltimo episodio del podcast Bare With Us, Carmella y Corey Graves reflexionaron sobre sus experiencias con el COVID-19.<\/p>\n","protected":false},"author":1,"featured_media":133392,"comment_status":"closed","ping_status":"closed","sticky":false,"template":"","format":"standard","meta":{"footnotes":""},"categories":[5,38],"tags":[],"class_list":["post-134305","post","type-post","status-publish","format-standard","has-post-thumbnail","category-noticias","category-noticias-y-rumores-de-la-wwe"],"_links":{"self":[{"href":"https:\/\/www.prwrestling.com\/nw\/wp-json\/wp\/v2\/posts\/134305","targetHints":{"allow":["GET"]}}],"collection":[{"href":"https:\/\/www.prwrestling.com\/nw\/wp-json\/wp\/v2\/posts"}],"about":[{"href":"https:\/\/www.prwrestling.com\/nw\/wp-json\/wp\/v2\/types\/post"}],"author":[{"embeddable":true,"href":"https:\/\/www.prwrestling.com\/nw\/wp-json\/wp\/v2\/users\/1"}],"replies":[{"embeddable":true,"href":"https:\/\/www.prwrestling.com\/nw\/wp-json\/wp\/v2\/comments?post=134305"}],"version-history":[{"count":3,"href":"https:\/\/www.prwrestling.com\/nw\/wp-json\/wp\/v2\/posts\/134305\/revisions"}],"predecessor-version":[{"id":134309,"href":"https:\/\/www.prwrestling.com\/nw\/wp-json\/wp\/v2\/posts\/134305\/revisions\/134309"}],"wp:featuredmedia":[{"embeddable":true,"href":"https:\/\/www.prwrestling.com\/nw\/wp-json\/wp\/v2\/media\/133392"}],"wp:attachment":[{"href":"https:\/\/www.prwrestling.com\/nw\/wp-json\/wp\/v2\/media?parent=134305"}],"wp:term":[{"taxonomy":"category","embeddable":true,"href":"https:\/\/www.prwrestling.com\/nw\/wp-json\/wp\/v2\/categories?post=134305"},{"taxonomy":"post_tag","embeddable":true,"href":"https:\/\/www.prwrestling.com\/nw\/wp-json\/wp\/v2\/tags?post=134305"}],"curies":[{"name":"wp","href":"https:\/\/api.w.org\/{rel}","templated":true}]}}