{"id":134512,"date":"2022-02-05T20:08:06","date_gmt":"2022-02-06T01:08:06","guid":{"rendered":"https:\/\/www.prwrestling.com\/nw\/?p=134512"},"modified":"2023-01-24T22:48:34","modified_gmt":"2023-01-25T03:48:34","slug":"pr-wwc-e-iwa-anuncian-shows-de-regreso","status":"publish","type":"post","link":"https:\/\/www.prwrestling.com\/nw\/pr-wwc-e-iwa-anuncian-shows-de-regreso\/","title":{"rendered":"PR: WWC e IWA anuncian shows de regreso"},"content":{"rendered":"<p>Tras una pausa debido al alza de casos de COVID-19 en la Isla, WWC y IWA han anunciado sus shows de regreso, ambos a celebrarse en marzo.<!--more--><div id=\"ad-slot\" style=\"min-width: 300px; min-height: 250px;\">\r\n<p style=\"text-align: center;\">\r\n<!-- Site name: prwrestling.com\r\nZone name: prwrestling.com_banner_300x250\r\nZone id: 2109741734\r\nType: banner\r\nFormat: 300x250\r\n --> \r\n\r\n<!-- Copy and paste this code on the page. -->\r\n<div id='zone_2109741734' ><\/div>\r\n<script>\r\n    (function(w,d,o,g,r,a,m){\r\n        var cid='zone_2109741734';\r\n        w[r]=w[r]||function(){(w[r+'l']=w[r+'l']||[]).push(arguments)};\r\n        function e(b,w,r){if((w[r+'h']=b.pop())&&!w.ABN){\r\n            var a=d.createElement(o),p=d.getElementsByTagName(o)[0];a.async=1;\r\n            a.src='https:\/\/cdn.'+w[r+'h']+'\/libs\/e.js';a.onerror=function(){e(g,w,r)};\r\n            p.parentNode.insertBefore(a,p)}}e(g,w,r);\r\n        w[r](cid,{id:2109741734,domain:w[r+'h']});\r\n    })(window,document,'script',['traffmovie.com'],'ABNS');\r\n<\/script>\r\n\r\n<!--\r\nWhen setting the zone code, make sure:\r\n  - you have provided all domains from which the area code will be called\r\n  - the site does not limit the loading in the Content Security Policy\r\n  - the area code is installed in the ad space inside the page\r\n  - site layout allows you to display the banner on mobile devices in full size\r\nUse data-cp1={customParam1} data-cp2={customParam2}... attributes for sending custom params\r\n-->\r\n<\/p><\/div><br \/>\n<strong>WWC<\/strong> tendr\u00e1 su primer show del a\u00f1o el s\u00e1bado, 5 de marzo, en el Acr\u00f3polis de Manat\u00ed. Hasta el momento no se han anunciado luchas para el cartel. La empresa pr\u00f3ximamente estar\u00e1 anunciando adem\u00e1s la fecha en la que se celebrar\u00e1 Aniversario.<br \/>\n<iframe loading=\"lazy\" style=\"border: none; overflow: hidden;\" src=\"https:\/\/www.facebook.com\/plugins\/video.php?height=308&amp;href=https%3A%2F%2Fwww.facebook.com%2FWWC1973%2Fvideos%2F489062845902784%2F&amp;show_text=false&amp;width=560&amp;t=0\" width=\"560\" height=\"308\" frameborder=\"0\" scrolling=\"no\" allowfullscreen=\"allowfullscreen\"><\/iframe><br \/>\nPor otro lado, <strong>IWA<\/strong> Histeria Boricua se celebrar\u00e1 el s\u00e1bado 12 de marzo a las 8PM desde el Coliseo Emilio E. Huyke de Humacao y por iPPV.<br \/>\n<div id=\"ad-slot\" style=\"min-width: 300px; min-height: 250px;\"><p style=\"text-align: center;\">\r\n<script async src=\"https:\/\/pagead2.googlesyndication.com\/pagead\/js\/adsbygoogle.js\"><\/script>\r\n<!-- Responsive sc c -->\r\n<ins class=\"adsbygoogle\"\r\n     style=\"display:block\"\r\n     data-ad-client=\"ca-pub-1244235910658811\"\r\n     data-ad-slot=\"4234005358\"\r\n     data-ad-format=\"auto\"\r\n     data-full-width-responsive=\"true\"><\/ins>\r\n<script>\r\n     (adsbygoogle = window.adsbygoogle || []).push({});\r\n<\/script><\/p><\/div><br \/>\nEn la estelar del evento, con doble \u00e1rbitro especial: Invader 1 y Chicky Starr &#8211; Electro y Savio Vega se miden a Manny Ferno y Mighty Ursus.<br \/>\n<iframe loading=\"lazy\" style=\"border: none; overflow: hidden;\" src=\"https:\/\/www.facebook.com\/plugins\/post.php?href=https%3A%2F%2Fwww.facebook.com%2FIWAPRTV%2Fposts%2F10159774871499486&amp;show_text=false&amp;width=500\" width=\"500\" height=\"498\" frameborder=\"0\" scrolling=\"no\" allowfullscreen=\"allowfullscreen\"><\/iframe><\/p>\n","protected":false},"excerpt":{"rendered":"<p>Tras una pausa debido al alza de casos de COVID-19 en la Isla, WWC y IWA han anunciado sus shows de regreso, ambos a celebrarse en marzo.<\/p>\n","protected":false},"author":1,"featured_media":134519,"comment_status":"closed","ping_status":"closed","sticky":false,"template":"","format":"standard","meta":{"footnotes":""},"categories":[7409,5],"tags":[7465,34],"class_list":["post-134512","post","type-post","status-publish","format-standard","has-post-thumbnail","category-lucha-libre-de-puerto-rico","category-noticias","tag-iwa-international-wrestling-association","tag-wwc"],"_links":{"self":[{"href":"https:\/\/www.prwrestling.com\/nw\/wp-json\/wp\/v2\/posts\/134512","targetHints":{"allow":["GET"]}}],"collection":[{"href":"https:\/\/www.prwrestling.com\/nw\/wp-json\/wp\/v2\/posts"}],"about":[{"href":"https:\/\/www.prwrestling.com\/nw\/wp-json\/wp\/v2\/types\/post"}],"author":[{"embeddable":true,"href":"https:\/\/www.prwrestling.com\/nw\/wp-json\/wp\/v2\/users\/1"}],"replies":[{"embeddable":true,"href":"https:\/\/www.prwrestling.com\/nw\/wp-json\/wp\/v2\/comments?post=134512"}],"version-history":[{"count":5,"href":"https:\/\/www.prwrestling.com\/nw\/wp-json\/wp\/v2\/posts\/134512\/revisions"}],"predecessor-version":[{"id":134525,"href":"https:\/\/www.prwrestling.com\/nw\/wp-json\/wp\/v2\/posts\/134512\/revisions\/134525"}],"wp:featuredmedia":[{"embeddable":true,"href":"https:\/\/www.prwrestling.com\/nw\/wp-json\/wp\/v2\/media\/134519"}],"wp:attachment":[{"href":"https:\/\/www.prwrestling.com\/nw\/wp-json\/wp\/v2\/media?parent=134512"}],"wp:term":[{"taxonomy":"category","embeddable":true,"href":"https:\/\/www.prwrestling.com\/nw\/wp-json\/wp\/v2\/categories?post=134512"},{"taxonomy":"post_tag","embeddable":true,"href":"https:\/\/www.prwrestling.com\/nw\/wp-json\/wp\/v2\/tags?post=134512"}],"curies":[{"name":"wp","href":"https:\/\/api.w.org\/{rel}","templated":true}]}}