{"id":134593,"date":"2022-02-18T06:20:12","date_gmt":"2022-02-18T11:20:12","guid":{"rendered":"https:\/\/www.prwrestling.com\/nw\/?p=134593"},"modified":"2022-02-18T06:21:26","modified_gmt":"2022-02-18T11:21:26","slug":"kairi-sane-confiesa-lloro-mucho-durante-su-estadia-en-wwe","status":"publish","type":"post","link":"https:\/\/www.prwrestling.com\/nw\/kairi-sane-confiesa-lloro-mucho-durante-su-estadia-en-wwe\/","title":{"rendered":"Kairi Sane confiesa llor\u00f3 mucho durante su estad\u00eda en WWE"},"content":{"rendered":"<p>Mientras hablaba con <a href=\"https:\/\/proresu-today.com\/archives\/181980\" target=\"_blank\" rel=\"noopener\">Puroresu Today<\/a> en Jap\u00f3n, Kairi Sane habl\u00f3 sobre su tiempo en la WWE. <!--more--><div id=\"ad-slot\" style=\"min-width: 300px; min-height: 250px;\">\r\n<p style=\"text-align: center;\">\r\n<script async src=\"https:\/\/pagead2.googlesyndication.com\/pagead\/js\/adsbygoogle.js\"><\/script>\r\n<!-- 300x250 sc a -->\r\n<ins class=\"adsbygoogle\"\r\n     style=\"display:inline-block;width:300px;height:250px\"\r\n     data-ad-client=\"ca-pub-1244235910658811\"\r\n     data-ad-slot=\"8592682546\"><\/ins>\r\n<script>\r\n     (adsbygoogle = window.adsbygoogle || []).push({});\r\n<\/script><\/center>\r\n<\/p><\/div><br \/>\nSane admiti\u00f3 que estaba bajo mucho estr\u00e9s ya que tuvo que hacer promociones en ingl\u00e9s, por lo que a menudo lloraba sola en casa.<\/p>\n<p>\u201cFue un d\u00eda como un tesoro (salir de WWE). Pasaba mucho tiempo llorando. No era frente a todos, pero hubo momentos en que llegaba a casa y lloraba sola&#8230; Hubo momentos as\u00ed, pero a pesar de que practiqu\u00e9 mucho en la clase de rendimiento de micr\u00f3fono en NXT, no pod\u00eda hablar bien ingl\u00e9s cuando ten\u00eda que hacerlo ante las c\u00e1maras, y estaba frustrada y lloraba,\u201d dijo.<\/p>\n<h2>Regresa a Stardom<\/h2>\n<p>Sane compareci\u00f3 durante la rueda de prensa de la empresa celebrada esta ma\u00f1ana.<br \/>\n<div id=\"ad-slot\" style=\"min-width: 300px; min-height: 250px;\"><p style=\"text-align: center;\">\r\n<script async src=\"https:\/\/pagead2.googlesyndication.com\/pagead\/js\/adsbygoogle.js\"><\/script>\r\n<!-- Responsive sc c -->\r\n<ins class=\"adsbygoogle\"\r\n     style=\"display:block\"\r\n     data-ad-client=\"ca-pub-1244235910658811\"\r\n     data-ad-slot=\"4234005358\"\r\n     data-ad-format=\"auto\"\r\n     data-full-width-responsive=\"true\"><\/ins>\r\n<script>\r\n     (adsbygoogle = window.adsbygoogle || []).push({});\r\n<\/script><\/p><\/div><br \/>\nEn esta se anunci\u00f3 a Sane para los shows de Stardom World Climax que se llevar\u00e1n a cabo el 26 y 27 de marzo en Sumo Hall. Ella usar\u00e1 el nombre KAIRI desde este punto en adelante.<\/p>\n<blockquote class=\"twitter-tweet\">\n<p dir=\"ltr\" lang=\"tl\">KAIRI wants to tag with Mayu Iwatani vs Tam Nakano &amp; Unagi Sayaka at Ryogoku Kokugikan, which is a 2 day event, March 26 &amp; 27! <a href=\"https:\/\/t.co\/aAKSZub2Tg\">pic.twitter.com\/aAKSZub2Tg<\/a><\/p>\n<p>\u2014 We Are Stardom (@we_are_stardom) <a href=\"https:\/\/twitter.com\/we_are_stardom\/status\/1494608794944679938?ref_src=twsrc%5Etfw\" target=\"_blank\" rel=\"noopener\">February 18, 2022<\/a><\/p><\/blockquote>\n<p><script async src=\"https:\/\/platform.twitter.com\/widgets.js\" charset=\"utf-8\"><\/script><\/p>\n","protected":false},"excerpt":{"rendered":"<p>Mientras hablaba con Puroresu Today en Jap\u00f3n, Kairi Sane habl\u00f3 sobre su tiempo en la WWE.<\/p>\n","protected":false},"author":1,"featured_media":134594,"comment_status":"closed","ping_status":"closed","sticky":false,"template":"","format":"standard","meta":{"footnotes":""},"categories":[5,38],"tags":[5133],"class_list":{"0":"post-134593","1":"post","2":"type-post","3":"status-publish","4":"format-standard","5":"has-post-thumbnail","7":"category-noticias","8":"category-noticias-y-rumores-de-la-wwe","9":"tag-kairi-sane"},"_links":{"self":[{"href":"https:\/\/www.prwrestling.com\/nw\/wp-json\/wp\/v2\/posts\/134593","targetHints":{"allow":["GET"]}}],"collection":[{"href":"https:\/\/www.prwrestling.com\/nw\/wp-json\/wp\/v2\/posts"}],"about":[{"href":"https:\/\/www.prwrestling.com\/nw\/wp-json\/wp\/v2\/types\/post"}],"author":[{"embeddable":true,"href":"https:\/\/www.prwrestling.com\/nw\/wp-json\/wp\/v2\/users\/1"}],"replies":[{"embeddable":true,"href":"https:\/\/www.prwrestling.com\/nw\/wp-json\/wp\/v2\/comments?post=134593"}],"version-history":[{"count":3,"href":"https:\/\/www.prwrestling.com\/nw\/wp-json\/wp\/v2\/posts\/134593\/revisions"}],"predecessor-version":[{"id":134598,"href":"https:\/\/www.prwrestling.com\/nw\/wp-json\/wp\/v2\/posts\/134593\/revisions\/134598"}],"wp:featuredmedia":[{"embeddable":true,"href":"https:\/\/www.prwrestling.com\/nw\/wp-json\/wp\/v2\/media\/134594"}],"wp:attachment":[{"href":"https:\/\/www.prwrestling.com\/nw\/wp-json\/wp\/v2\/media?parent=134593"}],"wp:term":[{"taxonomy":"category","embeddable":true,"href":"https:\/\/www.prwrestling.com\/nw\/wp-json\/wp\/v2\/categories?post=134593"},{"taxonomy":"post_tag","embeddable":true,"href":"https:\/\/www.prwrestling.com\/nw\/wp-json\/wp\/v2\/tags?post=134593"}],"curies":[{"name":"wp","href":"https:\/\/api.w.org\/{rel}","templated":true}]}}