{"id":13522,"date":"2017-06-09T19:49:28","date_gmt":"2017-06-09T23:49:28","guid":{"rendered":"http:\/\/prwrestling.com\/nw\/?p=13522"},"modified":"2018-03-16T23:14:26","modified_gmt":"2018-03-17T03:14:26","slug":"notas-de-la-wwe-152","status":"publish","type":"post","link":"https:\/\/www.prwrestling.com\/nw\/notas-de-la-wwe-152\/","title":{"rendered":"NOTAS DE LA WWE"},"content":{"rendered":"<p style=\"text-align: center;\"><a href=\"http:\/\/prwrestling.com\/nw\/wp-content\/uploads\/2017\/05\/Charlotte-9.jpg\" target=\"_blank\" rel=\"noopener\"><img data-dominant-color=\"4d3938\" data-has-transparency=\"false\" style=\"--dominant-color: #4d3938;\" loading=\"lazy\" decoding=\"async\" class=\"aligncenter wp-image-12821 not-transparent\" src=\"http:\/\/prwrestling.com\/nw\/wp-content\/uploads\/2017\/05\/Charlotte-9.jpg\" alt=\"Charlotte-9\" width=\"504\" height=\"284\" srcset=\"https:\/\/www.prwrestling.com\/nw\/wp-content\/uploads\/2017\/05\/Charlotte-9.jpg 840w, https:\/\/www.prwrestling.com\/nw\/wp-content\/uploads\/2017\/05\/Charlotte-9-300x169.jpg 300w, https:\/\/www.prwrestling.com\/nw\/wp-content\/uploads\/2017\/05\/Charlotte-9-768x432.jpg 768w, https:\/\/www.prwrestling.com\/nw\/wp-content\/uploads\/2017\/05\/Charlotte-9-150x84.jpg 150w, https:\/\/www.prwrestling.com\/nw\/wp-content\/uploads\/2017\/05\/Charlotte-9-450x253.jpg 450w\" sizes=\"auto, (max-width: 504px) 100vw, 504px\" \/><\/a><\/p>\n<p style=\"text-align: center;\"><em>Qu\u00e9 hace Charlotte; Luchador explica cambio de nombre; Cena en documental de HBO.<!--more--><\/em><\/p>\n<p>&#8211; Luego de que se hab\u00eda rumorado que el nombre del luchador <strong>TJ Perkins<\/strong> fue cambiado a \u201cTJP\u201d debido a que a Vince McMahon no le gustaba la asociaci\u00f3n con la cadena de restaurantes \u201cPerkins\u201d, el talento de la WWE aclar\u00f3 el origen. \u201cYo mismo ped\u00ed que me lo cambien. Nada complicado,\u201d dijo Perkins v\u00eda su cuenta Twitter.<\/p>\n<p><a href=\"http:\/\/www.ejemplos-de-curriculum.com\/ejemplos-de-curriculum-vitae-modernos\/\" target=\"_blank\" rel=\"noopener\">ejemplo curriculum vitae<\/a><\/p>\n<p style=\"text-align: center;\">Continua abajo<br \/>\n<script type=\"text\/javascript\" src=\"\/\/pagead2.googlesyndication.com\/pagead\/js\/adsbygoogle.js\" async=\"\"><\/script><!-- 300x250 derecha main page --> <ins class=\"adsbygoogle\" style=\"display: inline-block; width: 300px; height: 250px;\" data-ad-client=\"ca-pub-1244235910658811\" data-ad-slot=\"1988061967\"><\/ins><script type=\"text\/javascript\">\/\/ <![CDATA[ (adsbygoogle = window.adsbygoogle || []).push({}); \/\/ ]]><\/script><\/p>\n<p>&#8211; La pel\u00edcula que <strong>Charlotte Flair<\/strong> est\u00e1 filmando cual impidi\u00f3 que pudiera ver acci\u00f3n en San Juan el jueves es \u201cPsych: The Movie\u201d, basada en la serie de USA Network. La luchadora estuvo en Vancouver desde el mi\u00e9rcoles participando en la filmaci\u00f3n.<\/p>\n<p><a href=\"http:\/\/www.ejemplos-de-curriculum.com\/las-12-mejores-plantillas-de-curriculum\" target=\"_blank\" rel=\"noopener\">plantillas curriculum<\/a><\/p>\n<p>En una nota relacionada de Charlotte, la luchadora le dio \u201cRetweet\u201d al siguiente mensaje de dos fan\u00e1ticos que asistieron a San Juan en espera de verla.<\/p>\n<blockquote class=\"twitter-tweet\" data-lang=\"en\">\n<p dir=\"ltr\" lang=\"en\">We needed it to se The Queen tonight on <a href=\"https:\/\/twitter.com\/hashtag\/WWESanJuan?src=hash\" target=\"_blank\" rel=\"noopener\">#WWESanJuan<\/a> <a href=\"https:\/\/twitter.com\/MsCharlotteWWE\" target=\"_blank\" rel=\"noopener\">@MsCharlotteWWE<\/a> <a href=\"https:\/\/t.co\/Gk4cFqQghS\">pic.twitter.com\/Gk4cFqQghS<\/a><\/p>\n<p>\u2014 Keisiebeth (@RollinsGiirl) <a href=\"https:\/\/twitter.com\/RollinsGiirl\/status\/873062209407959040\" target=\"_blank\" rel=\"noopener\">June 9, 2017<\/a><\/p><\/blockquote>\n<p><script charset=\"utf-8\" type=\"text\/javascript\" src=\"\/\/platform.twitter.com\/widgets.js\" async=\"\"><\/script>&#8211; A continuaci\u00f3n el \u201ctrailer\u201d del documental ficticio de HBO &#8220;Tour de Pharmacy&#8221; cual cuenta con la aparici\u00f3n de <strong>John Cena<\/strong>. El show estrena a las 10pm EST el s\u00e1bado, 8 de julio.<\/p>\n<p><a href=\"http:\/\/www.ejemplos-de-curriculum.com\/10-modelos-de-curriculums-vitae-10-ejemplos\/\" target=\"_blank\" rel=\"noopener\">modelos de curriculums vitae<\/a><\/p>\n<p>Continua abajo<script type=\"text\/javascript\" src=\"\/\/pagead2.googlesyndication.com\/pagead\/js\/adsbygoogle.js\" async=\"\"><\/script><br \/>\n<!-- 300x250 derecha main page --><br \/>\n<ins class=\"adsbygoogle\" style=\"display: inline-block; width: 300px; height: 250px;\" data-ad-client=\"ca-pub-1244235910658811\" data-ad-slot=\"1988061967\"><\/ins><br \/>\n<script type=\"text\/javascript\">\/\/ <![CDATA[ (adsbygoogle = window.adsbygoogle || []).push({}); \/\/ ]]><\/script><\/p>\n<p><iframe loading=\"lazy\" src=\"https:\/\/www.youtube.com\/embed\/pZAiZ-jWf6I\" width=\"560\" height=\"315\" frameborder=\"0\" allowfullscreen=\"allowfullscreen\"><\/iframe><\/p>\n","protected":false},"excerpt":{"rendered":"<p>Qu\u00e9 hace Charlotte; Luchador explica cambio de nombre; Cena en documental de HBO.<\/p>\n","protected":false},"author":3,"featured_media":12821,"comment_status":"closed","ping_status":"closed","sticky":false,"template":"","format":"standard","meta":{"footnotes":""},"categories":[5],"tags":[],"class_list":{"0":"post-13522","1":"post","2":"type-post","3":"status-publish","4":"format-standard","5":"has-post-thumbnail","7":"category-noticias"},"_links":{"self":[{"href":"https:\/\/www.prwrestling.com\/nw\/wp-json\/wp\/v2\/posts\/13522","targetHints":{"allow":["GET"]}}],"collection":[{"href":"https:\/\/www.prwrestling.com\/nw\/wp-json\/wp\/v2\/posts"}],"about":[{"href":"https:\/\/www.prwrestling.com\/nw\/wp-json\/wp\/v2\/types\/post"}],"author":[{"embeddable":true,"href":"https:\/\/www.prwrestling.com\/nw\/wp-json\/wp\/v2\/users\/3"}],"replies":[{"embeddable":true,"href":"https:\/\/www.prwrestling.com\/nw\/wp-json\/wp\/v2\/comments?post=13522"}],"version-history":[{"count":4,"href":"https:\/\/www.prwrestling.com\/nw\/wp-json\/wp\/v2\/posts\/13522\/revisions"}],"predecessor-version":[{"id":18322,"href":"https:\/\/www.prwrestling.com\/nw\/wp-json\/wp\/v2\/posts\/13522\/revisions\/18322"}],"wp:featuredmedia":[{"embeddable":true,"href":"https:\/\/www.prwrestling.com\/nw\/wp-json\/wp\/v2\/media\/12821"}],"wp:attachment":[{"href":"https:\/\/www.prwrestling.com\/nw\/wp-json\/wp\/v2\/media?parent=13522"}],"wp:term":[{"taxonomy":"category","embeddable":true,"href":"https:\/\/www.prwrestling.com\/nw\/wp-json\/wp\/v2\/categories?post=13522"},{"taxonomy":"post_tag","embeddable":true,"href":"https:\/\/www.prwrestling.com\/nw\/wp-json\/wp\/v2\/tags?post=13522"}],"curies":[{"name":"wp","href":"https:\/\/api.w.org\/{rel}","templated":true}]}}