{"id":13558,"date":"2017-06-13T10:19:07","date_gmt":"2017-06-13T14:19:07","guid":{"rendered":"http:\/\/prwrestling.com\/nw\/?p=13558"},"modified":"2017-06-13T11:51:40","modified_gmt":"2017-06-13T15:51:40","slug":"especulaciones-de-cena-vs-reigns-tras-promos-en-raw","status":"publish","type":"post","link":"https:\/\/www.prwrestling.com\/nw\/especulaciones-de-cena-vs-reigns-tras-promos-en-raw\/","title":{"rendered":"ESPECULACIONES DE CENA VS REIGNS TRAS PROMOS EN RAW"},"content":{"rendered":"<p style=\"text-align: center;\"><a href=\"http:\/\/prwrestling.com\/nw\/wp-content\/uploads\/2017\/06\/john-cena-and-roman-reigns-1483143159-800.jpg\" target=\"_blank\" rel=\"noopener\"><img data-dominant-color=\"4a4c42\" data-has-transparency=\"false\" style=\"--dominant-color: #4a4c42;\" loading=\"lazy\" decoding=\"async\" class=\"aligncenter  wp-image-13559 not-transparent\" alt=\"john-cena-and-roman-reigns-1483143159-800\" src=\"http:\/\/prwrestling.com\/nw\/wp-content\/uploads\/2017\/06\/john-cena-and-roman-reigns-1483143159-800.jpg\" width=\"469\" height=\"280\" srcset=\"https:\/\/www.prwrestling.com\/nw\/wp-content\/uploads\/2017\/06\/john-cena-and-roman-reigns-1483143159-800.jpg 670w, https:\/\/www.prwrestling.com\/nw\/wp-content\/uploads\/2017\/06\/john-cena-and-roman-reigns-1483143159-800-300x179.jpg 300w, https:\/\/www.prwrestling.com\/nw\/wp-content\/uploads\/2017\/06\/john-cena-and-roman-reigns-1483143159-800-150x90.jpg 150w, https:\/\/www.prwrestling.com\/nw\/wp-content\/uploads\/2017\/06\/john-cena-and-roman-reigns-1483143159-800-450x269.jpg 450w\" sizes=\"auto, (max-width: 469px) 100vw, 469px\" \/><\/a><\/p>\n<p style=\"text-align: center;\"><em>Rumores de la posible lucha y el Observer comenta sobre esta.<!--more--><\/em><\/p>\n<p>Durante la noche de ayer hubo mucha especulaci\u00f3n entre la fanaticada sobre un posible choque entre Roman Reigns y John Cena en la pr\u00f3xima edici\u00f3n de SummerSlam, esto luego de anunciarse en Raw que Reigns har\u00e1 un anuncio la semana pr\u00f3xima sobre sus planes para el evento de verano, mientras que tambi\u00e9n se anuncio que Cena regresa a Smackdown Live el 4 de julio.<\/p>\n<p style=\"text-align: center;\">Continua abajo<br \/>\n<script type=\"text\/javascript\" src=\"\/\/pagead2.googlesyndication.com\/pagead\/js\/adsbygoogle.js\" async=\"\"><\/script><!-- 300x250 derecha main page --> <ins class=\"adsbygoogle\" style=\"display: inline-block; width: 300px; height: 250px;\" data-ad-client=\"ca-pub-1244235910658811\" data-ad-slot=\"1988061967\"><\/ins><script type=\"text\/javascript\">\/\/ <![CDATA[\n(adsbygoogle = window.adsbygoogle || []).push({});\n\/\/ ]]><\/script><\/p>\n<p>La especulaci\u00f3n surge en gran parte debido a que en el anuncio de Cena, este fue catalogado como \u201cagente libre\u201d, dando a entender que podr\u00eda luchar en ambas marcas de la WWE, justificando as\u00ed una posible movida a Raw para medirse a Reigns.<\/p>\n<p>El Wrestling Observer report\u00f3 hoy dentro de su podcast que a pesar de que las especulaciones tienen merito, hasta el momento no hay planes de que Cena se mida ante Reigns en un futuro cercano, y ambos luchadores tienen ri\u00f1as pendientes ante otros contrincantes de cara a SummerSlam.<\/p>\n<p>Aunque parece que habr\u00e1 que esperar para que la lucha se de, WWE ha coqueteado con la idea de un encuentro entre ambos luchadores antes. En diciembre del 2015, luego de que una transmisi\u00f3n de Raw escenificado en Brooklyn se fuera del aire, Reigns y Cena tuvieron un cara a cara y se iban a pelear pero antes de que esto sucediera el League of Nation los atac\u00f3 hasta que ambos los despojaron con sus movidas finales.<\/p>\n<p>A continuaci\u00f3n uno de los primeros encontronazos verbales entre Cena y Reigns:<\/p>\n<p style=\"text-align: center;\">Continua abajo<br \/>\n<script type=\"text\/javascript\" src=\"\/\/pagead2.googlesyndication.com\/pagead\/js\/adsbygoogle.js\" async=\"\"><\/script><!-- 300x250 derecha main page --> <ins class=\"adsbygoogle\" style=\"display: inline-block; width: 300px; height: 250px;\" data-ad-client=\"ca-pub-1244235910658811\" data-ad-slot=\"1988061967\"><\/ins><script type=\"text\/javascript\">\/\/ <![CDATA[\n(adsbygoogle = window.adsbygoogle || []).push({});\n\/\/ ]]><\/script><\/p>\n<p><iframe loading=\"lazy\" src=\"https:\/\/www.youtube.com\/embed\/b5n0UQ9slw0\" height=\"315\" width=\"560\" allowfullscreen=\"\" frameborder=\"0\"><\/iframe><\/p>\n<p><strong>Interact\u00faa con otros fans como t\u00fa en el Foro de PRWrestling. Como quieras y cuando quieras.<\/strong> <a href=\"http:\/\/www.prwrestling.com\/foro\/\">Inscribete aqui<\/a><\/p>\n","protected":false},"excerpt":{"rendered":"<p>Rumores de la posible lucha y el Observer comenta sobre esta.<\/p>\n","protected":false},"author":3,"featured_media":13559,"comment_status":"closed","ping_status":"closed","sticky":false,"template":"","format":"standard","meta":{"footnotes":""},"categories":[5],"tags":[],"class_list":{"0":"post-13558","1":"post","2":"type-post","3":"status-publish","4":"format-standard","5":"has-post-thumbnail","7":"category-noticias"},"_links":{"self":[{"href":"https:\/\/www.prwrestling.com\/nw\/wp-json\/wp\/v2\/posts\/13558","targetHints":{"allow":["GET"]}}],"collection":[{"href":"https:\/\/www.prwrestling.com\/nw\/wp-json\/wp\/v2\/posts"}],"about":[{"href":"https:\/\/www.prwrestling.com\/nw\/wp-json\/wp\/v2\/types\/post"}],"author":[{"embeddable":true,"href":"https:\/\/www.prwrestling.com\/nw\/wp-json\/wp\/v2\/users\/3"}],"replies":[{"embeddable":true,"href":"https:\/\/www.prwrestling.com\/nw\/wp-json\/wp\/v2\/comments?post=13558"}],"version-history":[{"count":3,"href":"https:\/\/www.prwrestling.com\/nw\/wp-json\/wp\/v2\/posts\/13558\/revisions"}],"predecessor-version":[{"id":13566,"href":"https:\/\/www.prwrestling.com\/nw\/wp-json\/wp\/v2\/posts\/13558\/revisions\/13566"}],"wp:featuredmedia":[{"embeddable":true,"href":"https:\/\/www.prwrestling.com\/nw\/wp-json\/wp\/v2\/media\/13559"}],"wp:attachment":[{"href":"https:\/\/www.prwrestling.com\/nw\/wp-json\/wp\/v2\/media?parent=13558"}],"wp:term":[{"taxonomy":"category","embeddable":true,"href":"https:\/\/www.prwrestling.com\/nw\/wp-json\/wp\/v2\/categories?post=13558"},{"taxonomy":"post_tag","embeddable":true,"href":"https:\/\/www.prwrestling.com\/nw\/wp-json\/wp\/v2\/tags?post=13558"}],"curies":[{"name":"wp","href":"https:\/\/api.w.org\/{rel}","templated":true}]}}