{"id":13693,"date":"2017-06-22T20:33:51","date_gmt":"2017-06-23T00:33:51","guid":{"rendered":"http:\/\/prwrestling.com\/nw\/?p=13693"},"modified":"2017-06-22T20:33:51","modified_gmt":"2017-06-23T00:33:51","slug":"notas-de-la-wwe-154","status":"publish","type":"post","link":"https:\/\/www.prwrestling.com\/nw\/notas-de-la-wwe-154\/","title":{"rendered":"Notas de la WWE"},"content":{"rendered":"<p style=\"text-align: center;\"><a href=\"http:\/\/prwrestling.com\/nw\/wp-content\/uploads\/2017\/02\/wwe-logo-5.jpg\" target=\"_blank\" rel=\"noopener\"><img data-dominant-color=\"d8d6d8\" data-has-transparency=\"false\" style=\"--dominant-color: #d8d6d8;\" loading=\"lazy\" decoding=\"async\" class=\"aligncenter size-full wp-image-11897 not-transparent\" alt=\"wwe-logo-5\" src=\"http:\/\/prwrestling.com\/nw\/wp-content\/uploads\/2017\/02\/wwe-logo-5.jpg\" width=\"615\" height=\"300\" srcset=\"https:\/\/www.prwrestling.com\/nw\/wp-content\/uploads\/2017\/02\/wwe-logo-5.jpg 615w, https:\/\/www.prwrestling.com\/nw\/wp-content\/uploads\/2017\/02\/wwe-logo-5-300x146.jpg 300w, https:\/\/www.prwrestling.com\/nw\/wp-content\/uploads\/2017\/02\/wwe-logo-5-150x73.jpg 150w, https:\/\/www.prwrestling.com\/nw\/wp-content\/uploads\/2017\/02\/wwe-logo-5-450x220.jpg 450w\" sizes=\"auto, (max-width: 615px) 100vw, 615px\" \/><\/a><\/p>\n<p style=\"text-align: center;\"><em>Comentarista de regreso; Superestrellas en sesion de fotos especial (video)<!--more--><\/em><\/p>\n<p>&#8211; Tras una situaci\u00f3n controversial que apuntaba a una salida, Mauro Ranallo se queda con la WWE &#8211; y tendr\u00e1 un papel en el equipo de difusi\u00f3n de NXT en el futuro.<\/p>\n<p>&#8220;Mientras permanec\u00eda bajo contrato con WWE, discutimos una variedad de opciones. A pesar de haber acordado originalmente separarme, siempre hubo un deseo de seguir trabajando juntos. Hemos llegado a un acuerdo que beneficia tanto a WWE como a m\u00ed, y estoy encantado de anunciar que ahora formar\u00e9 parte del equipo de radiodifusi\u00f3n de NXT &#8220;, dijo Ranallo en la tarde del jueves.<\/p>\n<p>Ranallo aparecer\u00e1 en las grabaciones de televisi\u00f3n de NXT en Full Sail University ma\u00f1ana por la noche.<\/p>\n<p style=\"text-align: center;\">Continua abajo<br \/>\n<script type=\"text\/javascript\" src=\"\/\/pagead2.googlesyndication.com\/pagead\/js\/adsbygoogle.js\" async=\"\"><\/script><!-- 300x250 derecha main page --> <ins class=\"adsbygoogle\" style=\"display: inline-block; width: 300px; height: 250px;\" data-ad-client=\"ca-pub-1244235910658811\" data-ad-slot=\"1988061967\"><\/ins><script type=\"text\/javascript\">\/\/ <![CDATA[\n(adsbygoogle = window.adsbygoogle || []).push({});\n\/\/ ]]><\/script><\/p>\n<p>&#8211; Vea c\u00f3mo un fot\u00f3grafo utiliz\u00f3 una c\u00e1mara de la d\u00e9cada de 1870 para capturar impresionantes retratos de superestrellas como Alexa Bliss, Dean Ambrose y The Miz.<\/p>\n<p><iframe loading=\"lazy\" src=\"https:\/\/www.youtube.com\/embed\/khMNRNT6ym4\" height=\"315\" width=\"560\" allowfullscreen=\"\" frameborder=\"0\"><\/iframe><\/p>\n<p style=\"text-align: center;\"><strong>Opina abajo!<\/strong><br \/>\n<script type=\"text\/javascript\" src=\"\/\/pagead2.googlesyndication.com\/pagead\/js\/adsbygoogle.js\" async=\"\"><\/script><!-- 300x250, abajo de reportaje --> <ins class=\"adsbygoogle\" style=\"display: inline-block; width: 300px; height: 250px;\" data-ad-client=\"ca-pub-1244235910658811\" data-ad-slot=\"2438031264\"><\/ins><script type=\"text\/javascript\">\/\/ <![CDATA[\n(adsbygoogle = window.adsbygoogle || []).push({});\n\/\/ ]]><\/script><\/p>\n","protected":false},"excerpt":{"rendered":"<p>Comentarista de regreso; Superestrellas en sesion de fotos especial (video)<\/p>\n","protected":false},"author":3,"featured_media":11897,"comment_status":"closed","ping_status":"closed","sticky":false,"template":"","format":"standard","meta":{"footnotes":""},"categories":[5],"tags":[],"class_list":{"0":"post-13693","1":"post","2":"type-post","3":"status-publish","4":"format-standard","5":"has-post-thumbnail","7":"category-noticias"},"_links":{"self":[{"href":"https:\/\/www.prwrestling.com\/nw\/wp-json\/wp\/v2\/posts\/13693","targetHints":{"allow":["GET"]}}],"collection":[{"href":"https:\/\/www.prwrestling.com\/nw\/wp-json\/wp\/v2\/posts"}],"about":[{"href":"https:\/\/www.prwrestling.com\/nw\/wp-json\/wp\/v2\/types\/post"}],"author":[{"embeddable":true,"href":"https:\/\/www.prwrestling.com\/nw\/wp-json\/wp\/v2\/users\/3"}],"replies":[{"embeddable":true,"href":"https:\/\/www.prwrestling.com\/nw\/wp-json\/wp\/v2\/comments?post=13693"}],"version-history":[{"count":1,"href":"https:\/\/www.prwrestling.com\/nw\/wp-json\/wp\/v2\/posts\/13693\/revisions"}],"predecessor-version":[{"id":13695,"href":"https:\/\/www.prwrestling.com\/nw\/wp-json\/wp\/v2\/posts\/13693\/revisions\/13695"}],"wp:featuredmedia":[{"embeddable":true,"href":"https:\/\/www.prwrestling.com\/nw\/wp-json\/wp\/v2\/media\/11897"}],"wp:attachment":[{"href":"https:\/\/www.prwrestling.com\/nw\/wp-json\/wp\/v2\/media?parent=13693"}],"wp:term":[{"taxonomy":"category","embeddable":true,"href":"https:\/\/www.prwrestling.com\/nw\/wp-json\/wp\/v2\/categories?post=13693"},{"taxonomy":"post_tag","embeddable":true,"href":"https:\/\/www.prwrestling.com\/nw\/wp-json\/wp\/v2\/tags?post=13693"}],"curies":[{"name":"wp","href":"https:\/\/api.w.org\/{rel}","templated":true}]}}