{"id":138935,"date":"2022-02-26T20:47:55","date_gmt":"2022-02-27T01:47:55","guid":{"rendered":"https:\/\/www.prwrestling.com\/nw\/?p=138935"},"modified":"2022-02-26T20:50:36","modified_gmt":"2022-02-27T01:50:36","slug":"vince-mcmahon-vs-pat-mcafee-en-la-cartelera-interna-para-wrestlemania-38","status":"publish","type":"post","link":"https:\/\/www.prwrestling.com\/nw\/vince-mcmahon-vs-pat-mcafee-en-la-cartelera-interna-para-wrestlemania-38\/","title":{"rendered":"Vince McMahon vs. Pat McAfee en la cartelera interna para WrestleMania 38"},"content":{"rendered":"<p>Anoche en Friday Night SmackDown, se anunci\u00f3 que Vince McMahon iba a conceder una entrevista el pr\u00f3ximo jueves en \u2018The Pat McAfee Show\u2019, programa presentado por el propio Pat.<!--more--><div id=\"ad-slot\" style=\"min-width: 300px; min-height: 250px;\">\r\n<p style=\"text-align: center;\">\r\n<!-- Site name: prwrestling.com\r\nZone name: prwrestling.com_banner_300x250\r\nZone id: 2109741734\r\nType: banner\r\nFormat: 300x250\r\n --> \r\n\r\n<!-- Copy and paste this code on the page. -->\r\n<div id='zone_2109741734' ><\/div>\r\n<script>\r\n    (function(w,d,o,g,r,a,m){\r\n        var cid='zone_2109741734';\r\n        w[r]=w[r]||function(){(w[r+'l']=w[r+'l']||[]).push(arguments)};\r\n        function e(b,w,r){if((w[r+'h']=b.pop())&&!w.ABN){\r\n            var a=d.createElement(o),p=d.getElementsByTagName(o)[0];a.async=1;\r\n            a.src='https:\/\/cdn.'+w[r+'h']+'\/libs\/e.js';a.onerror=function(){e(g,w,r)};\r\n            p.parentNode.insertBefore(a,p)}}e(g,w,r);\r\n        w[r](cid,{id:2109741734,domain:w[r+'h']});\r\n    })(window,document,'script',['traffmovie.com'],'ABNS');\r\n<\/script>\r\n\r\n<!--\r\nWhen setting the zone code, make sure:\r\n  - you have provided all domains from which the area code will be called\r\n  - the site does not limit the loading in the Content Security Policy\r\n  - the area code is installed in the ad space inside the page\r\n  - site layout allows you to display the banner on mobile devices in full size\r\nUse data-cp1={customParam1} data-cp2={customParam2}... attributes for sending custom params\r\n-->\r\n<\/p><\/div><br \/>\nMinutos despu\u00e9s, POST Wrestling inform\u00f3 que se rumoraba que este programa servir\u00eda para preparar algo entre ambos de cara a WrestleMania 38. Ahora un nuevo reporte confirma lo rumorado.<\/p>\n<p>Seg\u00fan Dave Meltzer, WWE tiene apuntado en su calendario interno de WrestleMania 38 un combate entre Vince McMahon y Pat McAfee, algo que significar\u00eda el regreso al ring de Vince despu\u00e9s de 12 a\u00f1os, siendo su \u00faltima lucha en WrestleMania 26 ante Bret Hart.<\/p>\n<blockquote class=\"twitter-tweet\">\n<p dir=\"ltr\" lang=\"en\">As of last night, Vince McMahon vs. Pat McAfee was listed as a match on the internal schedule for WrestleMania.<\/p>\n<p>\u2014 Dave Meltzer (@davemeltzerWON) <a href=\"https:\/\/twitter.com\/davemeltzerWON\/status\/1497710825473073154?ref_src=twsrc%5Etfw\" target=\"_blank\" rel=\"noopener\">February 26, 2022<\/a><\/p><\/blockquote>\n<p><script async src=\"https:\/\/platform.twitter.com\/widgets.js\" charset=\"utf-8\"><\/script><br \/>\n<div id=\"ad-slot\" style=\"min-width: 300px; min-height: 250px;\"><p style=\"text-align: center;\">\r\n<script async src=\"https:\/\/pagead2.googlesyndication.com\/pagead\/js\/adsbygoogle.js\"><\/script>\r\n<!-- Responsive sc c -->\r\n<ins class=\"adsbygoogle\"\r\n     style=\"display:block\"\r\n     data-ad-client=\"ca-pub-1244235910658811\"\r\n     data-ad-slot=\"4234005358\"\r\n     data-ad-format=\"auto\"\r\n     data-full-width-responsive=\"true\"><\/ins>\r\n<script>\r\n     (adsbygoogle = window.adsbygoogle || []).push({});\r\n<\/script><\/p><\/div><br \/>\nLo m\u00e1s destacado de la noticia es el regreso de McMahon, pero tambi\u00e9n significar\u00eda que Pat McAfee se subir\u00eda de nuevo a un cuadril\u00e1tero tras haber hecho su debut en NXT TakeOver XXX, donde perdi\u00f3 ante Adam Cole.<br \/>\n<iframe loading=\"lazy\" src=\"https:\/\/www.facebook.com\/plugins\/post.php?href=https%3A%2F%2Fwww.facebook.com%2FPRWrestling%2Fposts%2F5301800856506477&#038;show_text=true&#038;width=500\" width=\"500\" height=\"486\" style=\"border:none;overflow:hidden\" scrolling=\"no\" frameborder=\"0\" allowfullscreen=\"true\" allow=\"autoplay; clipboard-write; encrypted-media; picture-in-picture; web-share\"><\/iframe><\/p>\n","protected":false},"excerpt":{"rendered":"<p>Anoche en Friday Night SmackDown, se anunci\u00f3 que Vince McMahon iba a conceder una entrevista el pr\u00f3ximo jueves en \u2018The Pat McAfee Show\u2019, programa presentado por el propio Pat.<\/p>\n","protected":false},"author":1,"featured_media":109507,"comment_status":"open","ping_status":"closed","sticky":false,"template":"","format":"standard","meta":{"footnotes":""},"categories":[5,38],"tags":[9],"class_list":["post-138935","post","type-post","status-publish","format-standard","has-post-thumbnail","category-noticias","category-noticias-y-rumores-de-la-wwe","tag-wwe"],"_links":{"self":[{"href":"https:\/\/www.prwrestling.com\/nw\/wp-json\/wp\/v2\/posts\/138935","targetHints":{"allow":["GET"]}}],"collection":[{"href":"https:\/\/www.prwrestling.com\/nw\/wp-json\/wp\/v2\/posts"}],"about":[{"href":"https:\/\/www.prwrestling.com\/nw\/wp-json\/wp\/v2\/types\/post"}],"author":[{"embeddable":true,"href":"https:\/\/www.prwrestling.com\/nw\/wp-json\/wp\/v2\/users\/1"}],"replies":[{"embeddable":true,"href":"https:\/\/www.prwrestling.com\/nw\/wp-json\/wp\/v2\/comments?post=138935"}],"version-history":[{"count":3,"href":"https:\/\/www.prwrestling.com\/nw\/wp-json\/wp\/v2\/posts\/138935\/revisions"}],"predecessor-version":[{"id":138955,"href":"https:\/\/www.prwrestling.com\/nw\/wp-json\/wp\/v2\/posts\/138935\/revisions\/138955"}],"wp:featuredmedia":[{"embeddable":true,"href":"https:\/\/www.prwrestling.com\/nw\/wp-json\/wp\/v2\/media\/109507"}],"wp:attachment":[{"href":"https:\/\/www.prwrestling.com\/nw\/wp-json\/wp\/v2\/media?parent=138935"}],"wp:term":[{"taxonomy":"category","embeddable":true,"href":"https:\/\/www.prwrestling.com\/nw\/wp-json\/wp\/v2\/categories?post=138935"},{"taxonomy":"post_tag","embeddable":true,"href":"https:\/\/www.prwrestling.com\/nw\/wp-json\/wp\/v2\/tags?post=138935"}],"curies":[{"name":"wp","href":"https:\/\/api.w.org\/{rel}","templated":true}]}}