{"id":14695,"date":"2017-08-29T19:29:57","date_gmt":"2017-08-29T23:29:57","guid":{"rendered":"http:\/\/www.prwrestling.com\/nw\/?p=14695"},"modified":"2017-08-29T19:29:57","modified_gmt":"2017-08-29T23:29:57","slug":"xavier-woods-se-lastima-dentro-de-lucha","status":"publish","type":"post","link":"https:\/\/www.prwrestling.com\/nw\/xavier-woods-se-lastima-dentro-de-lucha\/","title":{"rendered":"Xavier Woods se lastima dentro de lucha"},"content":{"rendered":"<p><a href=\"http:\/\/www.prwrestling.com\/nw\/wp-content\/uploads\/2015\/12\/new-day.jpg\"><img loading=\"lazy\" decoding=\"async\" class=\"aligncenter size-full wp-image-5934\" src=\"http:\/\/www.prwrestling.com\/nw\/wp-content\/uploads\/2015\/12\/new-day.jpg\" alt=\"\" width=\"599\" height=\"337\" srcset=\"https:\/\/www.prwrestling.com\/nw\/wp-content\/uploads\/2015\/12\/new-day.jpg 599w, https:\/\/www.prwrestling.com\/nw\/wp-content\/uploads\/2015\/12\/new-day-300x168.jpg 300w\" sizes=\"auto, (max-width: 599px) 100vw, 599px\" \/><\/a><\/p>\n<p style=\"text-align: center;\"><em>Mira el video del momento que el luchador se lastim\u00f3.<\/em><!--more--><\/p>\n<p style=\"text-align: center;\"><script async src=\"\/\/pagead2.googlesyndication.com\/pagead\/js\/adsbygoogle.js\"><\/script><!-- 300x250 derecha main page --><ins class=\"adsbygoogle\" style=\"display: inline-block; width: 300px; height: 250px;\" data-ad-client=\"ca-pub-1244235910658811\" data-ad-slot=\"1988061967\"><\/ins><br \/>\n<script>\n(adsbygoogle = window.adsbygoogle || []).push({});\n<\/script><\/p>\n<p>Xavier Woods parec\u00eda haberse lesionado la rodilla en el evento en vivo de la WWE de la noche del domingo en Texarkana, Arkansas. F4WOnline est\u00e1 reportando que Woods fue sometido a una evaluaci\u00f3n m\u00e9dica hoy por la lesi\u00f3n.<\/p>\n<p>Seg\u00fan fan\u00e1ticos presentes en el show, la lesi\u00f3n se produjo cuando Woods fue a ejecutar un DDT saltando en su lucha ante contra Breezango y The Usos. Woods aparentemente se apart\u00f3 del camino equivocado y su rodilla se dobl\u00f3. El \u00e1rbitro mostr\u00f3 el s\u00edmbolo &#8220;X&#8221; y uno de los Usos r\u00e1pidamente plnch\u00f3 a Kofi Kingston para terminar la lucha.<\/p>\n<p>Woods fue ayudado a marcharse por Kofi, Big E y m\u00e9dico de la WWE Dr. Chris Amann<\/p>\n<p>A continuaci\u00f3n se muestra el video de la lesi\u00f3n:<\/p>\n<p style=\"text-align: center;\"><script async src=\"\/\/pagead2.googlesyndication.com\/pagead\/js\/adsbygoogle.js\"><\/script><!-- 300x250 derecha main page --><ins class=\"adsbygoogle\" style=\"display: inline-block; width: 300px; height: 250px;\" data-ad-client=\"ca-pub-1244235910658811\" data-ad-slot=\"1988061967\"><\/ins><br \/>\n<script>\n(adsbygoogle = window.adsbygoogle || []).push({});\n<\/script><\/p>\n<blockquote class=\"twitter-video\" data-lang=\"en\">\n<p dir=\"ltr\" lang=\"en\">Footage of <a href=\"https:\/\/twitter.com\/XavierWoodsPhD\" target=\"_blank\" rel=\"noopener\">@XavierWoodsPhD<\/a> injury at WWE House Show in Texarkana, Arkansas <a href=\"https:\/\/twitter.com\/hashtag\/WWETexarkana?src=hash\" target=\"_blank\" rel=\"noopener\">#WWETexarkana<\/a> <a href=\"https:\/\/t.co\/0Y2Y4yjXma\">pic.twitter.com\/0Y2Y4yjXma<\/a><\/p>\n<p>\u2014 Heel By Nature (@HeelByNatureYT) <a href=\"https:\/\/twitter.com\/HeelByNatureYT\/status\/902578037220409344\" target=\"_blank\" rel=\"noopener\">August 29, 2017<\/a><\/p><\/blockquote>\n","protected":false},"excerpt":{"rendered":"<p>Mira el video del momento que el luchador se lastim\u00f3.<\/p>\n","protected":false},"author":3,"featured_media":5934,"comment_status":"closed","ping_status":"closed","sticky":false,"template":"","format":"standard","meta":{"footnotes":""},"categories":[5],"tags":[],"class_list":{"0":"post-14695","1":"post","2":"type-post","3":"status-publish","4":"format-standard","5":"has-post-thumbnail","7":"category-noticias"},"_links":{"self":[{"href":"https:\/\/www.prwrestling.com\/nw\/wp-json\/wp\/v2\/posts\/14695","targetHints":{"allow":["GET"]}}],"collection":[{"href":"https:\/\/www.prwrestling.com\/nw\/wp-json\/wp\/v2\/posts"}],"about":[{"href":"https:\/\/www.prwrestling.com\/nw\/wp-json\/wp\/v2\/types\/post"}],"author":[{"embeddable":true,"href":"https:\/\/www.prwrestling.com\/nw\/wp-json\/wp\/v2\/users\/3"}],"replies":[{"embeddable":true,"href":"https:\/\/www.prwrestling.com\/nw\/wp-json\/wp\/v2\/comments?post=14695"}],"version-history":[{"count":1,"href":"https:\/\/www.prwrestling.com\/nw\/wp-json\/wp\/v2\/posts\/14695\/revisions"}],"predecessor-version":[{"id":14696,"href":"https:\/\/www.prwrestling.com\/nw\/wp-json\/wp\/v2\/posts\/14695\/revisions\/14696"}],"wp:featuredmedia":[{"embeddable":true,"href":"https:\/\/www.prwrestling.com\/nw\/wp-json\/wp\/v2\/media\/5934"}],"wp:attachment":[{"href":"https:\/\/www.prwrestling.com\/nw\/wp-json\/wp\/v2\/media?parent=14695"}],"wp:term":[{"taxonomy":"category","embeddable":true,"href":"https:\/\/www.prwrestling.com\/nw\/wp-json\/wp\/v2\/categories?post=14695"},{"taxonomy":"post_tag","embeddable":true,"href":"https:\/\/www.prwrestling.com\/nw\/wp-json\/wp\/v2\/tags?post=14695"}],"curies":[{"name":"wp","href":"https:\/\/api.w.org\/{rel}","templated":true}]}}