{"id":14705,"date":"2017-08-30T22:42:49","date_gmt":"2017-08-31T02:42:49","guid":{"rendered":"http:\/\/www.prwrestling.com\/nw\/?p=14705"},"modified":"2017-08-30T22:43:33","modified_gmt":"2017-08-31T02:43:33","slug":"noticias-sobre-un-posible-regreso-de-undertaker","status":"publish","type":"post","link":"https:\/\/www.prwrestling.com\/nw\/noticias-sobre-un-posible-regreso-de-undertaker\/","title":{"rendered":"Noticias sobre un posible regreso de Undertaker"},"content":{"rendered":"<p><a href=\"http:\/\/www.prwrestling.com\/nw\/wp-content\/uploads\/2016\/07\/undertaker.jpg\"><img loading=\"lazy\" decoding=\"async\" class=\"aligncenter wp-image-9338\" src=\"http:\/\/www.prwrestling.com\/nw\/wp-content\/uploads\/2016\/07\/undertaker.jpg\" alt=\"\" width=\"503\" height=\"282\" srcset=\"https:\/\/www.prwrestling.com\/nw\/wp-content\/uploads\/2016\/07\/undertaker.jpg 800w, https:\/\/www.prwrestling.com\/nw\/wp-content\/uploads\/2016\/07\/undertaker-300x168.jpg 300w\" sizes=\"auto, (max-width: 503px) 100vw, 503px\" \/><\/a><\/p>\n<p>En WrestleMania 33 en Orlando, Florida, The Undertaker aparentemente se hab\u00eda retirado despu\u00e9s de perder ante Roman Reigns.<!--more--><\/p>\n<p style=\"text-align: center;\"><script async src=\"\/\/pagead2.googlesyndication.com\/pagead\/js\/adsbygoogle.js\"><\/script><!-- 300x250 derecha main page --><ins class=\"adsbygoogle\" style=\"display: inline-block; width: 300px; height: 250px;\" data-ad-client=\"ca-pub-1244235910658811\" data-ad-slot=\"1988061967\"><\/ins><br \/>\n<script>\n(adsbygoogle = window.adsbygoogle || []).push({});\n<\/script><\/p>\n<p>Despu\u00e9s de la derrota, El Enterrador dej\u00f3 su sombrero, guantes y abrigo en el centro del ring antes de descender en el humo de la rampa. Aunque se esperaba que esta fuera su \u00faltima lucha, principalmente debido a problemas de salud, durante los \u00faltimos meses ha habido dudas con respecto a su jubilaci\u00f3n.<\/p>\n<p>En Raw, John Cena estuvo involucrado en un intercambio verbal con Roman Reigns para promocionar su lucha en No Mercy. Durante el segmento, Reigns declar\u00f3 que ha hecho algo que Cena no fue capaz de hacer, que es retirar al Undertaker. Cena respondi\u00f3 diciendo: &#8220;No soy el Undertaker. No soy un veterano maltratado al final de su carrera con una mala cadera&#8221;.<\/p>\n<p>Curiosamente, mientras que ese comentario parec\u00eda ins\u00edpido, podr\u00eda estar llevando a algo en el futuro. Seg\u00fan PWInsider, Undertaker estaba ejercit\u00e1ndose en el ring de la WWE antes de SummerSlam. A pesar de que no se present\u00f3 en la transmisi\u00f3n, su actividad fuera de la c\u00e1mara podr\u00eda ser una se\u00f1al de la preparaci\u00f3n para un regreso.<\/p>\n<p>Como resultado, han comenzado las especulaciones que Undertaker puede estar de vuelta para una lucha m\u00e1s contra John Cena. Una de las primeras \u201cpistas\u201d es el hecho de que la lucha de Cena vs Reigns, cual estaba rumorada para WrestleMania, se estar\u00e1 llevando a cabo ahora en septiembre dentro de No Mercy.<\/p>\n<p>PWInsider tambi\u00e9n declar\u00f3 que hay un sonido de gong al final de las vi\u00f1etas No Mercy, por lo que esto puede indicar un regreso de Undertaker en el futuro cercano. Tambi\u00e9n hay especulaciones de que el retorno potencial del Undertaker puede conducir a una lucha contra Cena hasta antes de WrestleMania ya que si WWE est\u00e1 en necesidad de una lucha grande para Survivor Series el choque podr\u00eda ocurrir ah\u00ed.<\/p>\n<p style=\"text-align: center;\"><strong>Opina abajo!<\/strong><br \/>\n<script async src=\"\/\/pagead2.googlesyndication.com\/pagead\/js\/adsbygoogle.js\"><\/script><!-- 300x250, abajo de reportaje --><ins class=\"adsbygoogle\" style=\"display: inline-block; width: 300px; height: 250px;\" data-ad-client=\"ca-pub-1244235910658811\" data-ad-slot=\"2438031264\"><\/ins><br \/>\n<script>\n(adsbygoogle = window.adsbygoogle || []).push({});\n<\/script><\/p>\n","protected":false},"excerpt":{"rendered":"<p>En WrestleMania 33 en Orlando, Florida, The Undertaker aparentemente se hab\u00eda retirado despu\u00e9s de perder ante Roman Reigns.<\/p>\n","protected":false},"author":3,"featured_media":9338,"comment_status":"closed","ping_status":"closed","sticky":false,"template":"","format":"standard","meta":{"footnotes":""},"categories":[5],"tags":[],"class_list":{"0":"post-14705","1":"post","2":"type-post","3":"status-publish","4":"format-standard","5":"has-post-thumbnail","7":"category-noticias"},"_links":{"self":[{"href":"https:\/\/www.prwrestling.com\/nw\/wp-json\/wp\/v2\/posts\/14705","targetHints":{"allow":["GET"]}}],"collection":[{"href":"https:\/\/www.prwrestling.com\/nw\/wp-json\/wp\/v2\/posts"}],"about":[{"href":"https:\/\/www.prwrestling.com\/nw\/wp-json\/wp\/v2\/types\/post"}],"author":[{"embeddable":true,"href":"https:\/\/www.prwrestling.com\/nw\/wp-json\/wp\/v2\/users\/3"}],"replies":[{"embeddable":true,"href":"https:\/\/www.prwrestling.com\/nw\/wp-json\/wp\/v2\/comments?post=14705"}],"version-history":[{"count":2,"href":"https:\/\/www.prwrestling.com\/nw\/wp-json\/wp\/v2\/posts\/14705\/revisions"}],"predecessor-version":[{"id":14707,"href":"https:\/\/www.prwrestling.com\/nw\/wp-json\/wp\/v2\/posts\/14705\/revisions\/14707"}],"wp:featuredmedia":[{"embeddable":true,"href":"https:\/\/www.prwrestling.com\/nw\/wp-json\/wp\/v2\/media\/9338"}],"wp:attachment":[{"href":"https:\/\/www.prwrestling.com\/nw\/wp-json\/wp\/v2\/media?parent=14705"}],"wp:term":[{"taxonomy":"category","embeddable":true,"href":"https:\/\/www.prwrestling.com\/nw\/wp-json\/wp\/v2\/categories?post=14705"},{"taxonomy":"post_tag","embeddable":true,"href":"https:\/\/www.prwrestling.com\/nw\/wp-json\/wp\/v2\/tags?post=14705"}],"curies":[{"name":"wp","href":"https:\/\/api.w.org\/{rel}","templated":true}]}}