{"id":14834,"date":"2017-09-17T18:58:26","date_gmt":"2017-09-17T22:58:26","guid":{"rendered":"http:\/\/www.prwrestling.com\/nw\/?p=14834"},"modified":"2017-09-17T19:19:56","modified_gmt":"2017-09-17T23:19:56","slug":"fallece-bobby-the-brain-heenan","status":"publish","type":"post","link":"https:\/\/www.prwrestling.com\/nw\/fallece-bobby-the-brain-heenan\/","title":{"rendered":"Fallece Bobby &#8220;The Brain&#8221; Heenan"},"content":{"rendered":"<p><a href=\"http:\/\/www.prwrestling.com\/nw\/wp-content\/uploads\/2017\/09\/hennan.jpg\"><img data-dominant-color=\"4d4e72\" data-has-transparency=\"false\" style=\"--dominant-color: #4d4e72;\" loading=\"lazy\" decoding=\"async\" class=\"aligncenter wp-image-14835 not-transparent\" src=\"http:\/\/www.prwrestling.com\/nw\/wp-content\/uploads\/2017\/09\/hennan.jpg\" alt=\"\" width=\"500\" height=\"386\" srcset=\"https:\/\/www.prwrestling.com\/nw\/wp-content\/uploads\/2017\/09\/hennan.jpg 555w, https:\/\/www.prwrestling.com\/nw\/wp-content\/uploads\/2017\/09\/hennan-300x231.jpg 300w, https:\/\/www.prwrestling.com\/nw\/wp-content\/uploads\/2017\/09\/hennan-150x116.jpg 150w, https:\/\/www.prwrestling.com\/nw\/wp-content\/uploads\/2017\/09\/hennan-450x347.jpg 450w\" sizes=\"auto, (max-width: 500px) 100vw, 500px\" \/><\/a><\/p>\n<p>Raymond Louis &#8220;Bobby&#8221; Heenan falleci\u00f3 en la tarde de hoy, reporta el Wrestling Observer.<!--more--><\/p>\n<p style=\"text-align: center;\">\n<script async src=\"\/\/pagead2.googlesyndication.com\/pagead\/js\/adsbygoogle.js\"><\/script><!-- 300x250 derecha main page --><ins class=\"adsbygoogle\"\n     style=\"display:inline-block;width:300px;height:250px\"\n     data-ad-client=\"ca-pub-1244235910658811\"\n     data-ad-slot=\"1988061967\"><\/ins><br \/>\n<script>\n(adsbygoogle = window.adsbygoogle || []).push({});\n<\/script><\/p>\n<p>Heenan ten\u00eda 73 a\u00f1os de edad. La causa de muerte es desconocida al momento.<\/p>\n<p>Heenan estaba confrontando problemas de salud desde hace 15 a\u00f1os cuando fue diagnosticado por primera vez con c\u00e1ncer de garganta en el 2002. El percance de salud caus\u00f3 que en 2007 y 2008 tuviera cirug\u00eda reconstructiva en su mand\u00edbula, dej\u00e1ndolo sin la habilidad de poder hablar. <\/p>\n<p>Hab\u00eda ca\u00eddo muchas veces en los \u00faltimos a\u00f1os y sufri\u00f3 de caderas rotas en m\u00e1s de una ocasi\u00f3n. En 2014 se rompi\u00f3 el hombro mientras estaba en Las Vegas para asistir a la boda de Eric, hijo de Mike y Karen Tenay.<\/p>\n<p>Heenan comenz\u00f3 como luchador bajo el nombre \u201cPretty Boy\u201d Bobby Heenan para la promoci\u00f3n de Dick the Bruiser WWA en 1965, y se conoci\u00f3 a nivel nacional algunos a\u00f1os despu\u00e9s como el manejador de Blackjack Lanza. <\/p>\n<p>\u00c9l era ya una figura dominante en AWA, pero en el 1974 y tras convertirse en \u201cThe Brain\u201d manej\u00f3 a Ray Stevens y Nick Bockwinkel, los campeones en la AWA. \u00c9l tambi\u00e9n manej\u00f3 a Nick Bockwinkel, Jack Lanza y Bobby Duncum como campeones, Ray Stevens y Pat Patterson como campeones, y muchos otros antes de irse en el 1984 hacia la WWF.<\/p>\n<p>Heenan manej\u00f3 a Andre The Giant cuando se convirti\u00f3 en rudo en ruta a su lucha en WrestleMania III con Hulk Hogan, y muchos otros rudos de la empresa. Heenan se retir\u00f3 como manejador, con Ric Flair como su \u00faltimo protegido. Sigui\u00f3 siendo anunciador de WWF hasta 1993, cuando Vince McMahon decidi\u00f3 no renovar su contrato y fue a WCW donde fue anunciador en Nitro antes de ser liberado de la compa\u00f1\u00eda en 2000.<\/p>\n<p>Varias figuras de la lucha libre han reaccionado al fallecimiento de Hennan. A continuaci\u00f3n reacciones de Gene Okerlund y Ric Flair y otros via Twitter:<\/p>\n<p style=\"text-align: center;\">\n<script async src=\"\/\/pagead2.googlesyndication.com\/pagead\/js\/adsbygoogle.js\"><\/script><!-- 300x250 derecha main page --><ins class=\"adsbygoogle\"\n     style=\"display:inline-block;width:300px;height:250px\"\n     data-ad-client=\"ca-pub-1244235910658811\"\n     data-ad-slot=\"1988061967\"><\/ins><br \/>\n<script>\n(adsbygoogle = window.adsbygoogle || []).push({});\n<\/script><\/p>\n<blockquote class=\"twitter-tweet\" data-lang=\"en\">\n<p lang=\"en\" dir=\"ltr\">Bobby Heenan&#8230; The Greatest Manager, One Of The Greatest Announcers, And One Of The Best In-Ring Performers In The History Of The Business<\/p>\n<p>&mdash; Ric Flair\u00ae (@RicFlairNatrBoy) <a href=\"https:\/\/twitter.com\/RicFlairNatrBoy\/status\/909549549680758784\" target=\"_blank\" rel=\"noopener\">September 17, 2017<\/a><\/p><\/blockquote>\n<p><script async src=\"\/\/platform.twitter.com\/widgets.js\" charset=\"utf-8\"><\/script><\/p>\n<blockquote class=\"twitter-tweet\" data-lang=\"en\">\n<p lang=\"und\" dir=\"ltr\"><a href=\"https:\/\/t.co\/PpPpNdq6yP\">pic.twitter.com\/PpPpNdq6yP<\/a><\/p>\n<p>&mdash; Ric Flair\u00ae (@RicFlairNatrBoy) <a href=\"https:\/\/twitter.com\/RicFlairNatrBoy\/status\/909550285080682497\" target=\"_blank\" rel=\"noopener\">September 17, 2017<\/a><\/p><\/blockquote>\n<p><script async src=\"\/\/platform.twitter.com\/widgets.js\" charset=\"utf-8\"><\/script><\/p>\n<blockquote class=\"twitter-tweet\" data-lang=\"en\">\n<p lang=\"en\" dir=\"ltr\">Saddened by the news that arrived this afternoon from Bobby Heenans daughter Jess, that he has passed. Bobby and&#8230; <a href=\"https:\/\/t.co\/KNsvLlW4sy\">https:\/\/t.co\/KNsvLlW4sy<\/a><\/p>\n<p>&mdash; Gene Okerlund (@TheGeneOkerlund) <a href=\"https:\/\/twitter.com\/TheGeneOkerlund\/status\/909548472990302209\" target=\"_blank\" rel=\"noopener\">September 17, 2017<\/a><\/p><\/blockquote>\n<p><script async src=\"\/\/platform.twitter.com\/widgets.js\" charset=\"utf-8\"><\/script><\/p>\n<blockquote class=\"twitter-tweet\" data-lang=\"en\">\n<p lang=\"en\" dir=\"ltr\">Very sorry to hear of the passing of Bobby &quot;The Brain &quot; Heenan.I was fortunate to work, laugh and learn from him.A great man.<\/p>\n<p>&mdash; William Regal (@RealKingRegal) <a href=\"https:\/\/twitter.com\/RealKingRegal\/status\/909554382961815552\" target=\"_blank\" rel=\"noopener\">September 17, 2017<\/a><\/p><\/blockquote>\n<p><script async src=\"\/\/platform.twitter.com\/widgets.js\" charset=\"utf-8\"><\/script><\/p>\n<blockquote class=\"twitter-tweet\" data-lang=\"en\">\n<p lang=\"en\" dir=\"ltr\">Sad when another childhood hero passes on.Always clever on and off the camera..ONE of a kind&#8230;Glad to have met and worked with u..<a href=\"https:\/\/twitter.com\/hashtag\/TheBrain?src=hash\" target=\"_blank\" rel=\"noopener\">#TheBrain<\/a><\/p>\n<p>&mdash; Konnan (@Konnan5150) <a href=\"https:\/\/twitter.com\/Konnan5150\/status\/909555968786055168\" target=\"_blank\" rel=\"noopener\">September 17, 2017<\/a><\/p><\/blockquote>\n<p><script async src=\"\/\/platform.twitter.com\/widgets.js\" charset=\"utf-8\"><\/script><\/p>\n<blockquote class=\"twitter-tweet\" data-lang=\"en\">\n<p lang=\"en\" dir=\"ltr\">The news of Bobby &quot;The Brain&quot; Heenan&#39;s passing today gutted me. <\/p>\n<p>I loved our time together. <\/p>\n<p>No one ever did it better than the Wease.<\/p>\n<p>&mdash; Jim Ross (@JRsBBQ) <a href=\"https:\/\/twitter.com\/JRsBBQ\/status\/909544054941036544\" target=\"_blank\" rel=\"noopener\">September 17, 2017<\/a><\/p><\/blockquote>\n<p><script async src=\"\/\/platform.twitter.com\/widgets.js\" charset=\"utf-8\"><\/script><\/p>\n<blockquote class=\"twitter-tweet\" data-lang=\"en\">\n<p lang=\"en\" dir=\"ltr\">Today we lost one of our legends.<\/p>\n<p>Im just happy the last words I said to him were, &quot;I love you Bobby.&quot;<\/p>\n<p>RIP Bobby Heenan <a href=\"https:\/\/t.co\/ofqi6IJguD\">pic.twitter.com\/ofqi6IJguD<\/a><\/p>\n<p>&mdash; Bubba Ray Dudley (@bullyray5150) <a href=\"https:\/\/twitter.com\/bullyray5150\/status\/909557297390735360\" target=\"_blank\" rel=\"noopener\">September 17, 2017<\/a><\/p><\/blockquote>\n<p><script async src=\"\/\/platform.twitter.com\/widgets.js\" charset=\"utf-8\"><\/script><\/p>\n<p style=\"text-align: center;\"><strong>Opina abajo!<\/strong><br \/>\n<script async src=\"\/\/pagead2.googlesyndication.com\/pagead\/js\/adsbygoogle.js\"><\/script><!-- 300x250, abajo de reportaje --><ins class=\"adsbygoogle\" style=\"display: inline-block; width: 300px; height: 250px;\" data-ad-client=\"ca-pub-1244235910658811\" data-ad-slot=\"2438031264\"><\/ins><br \/>\n<script>\n(adsbygoogle = window.adsbygoogle || []).push({});\n<\/script><\/p>\n","protected":false},"excerpt":{"rendered":"<p>Raymond Louis &#8220;Bobby&#8221; Heenan falleci\u00f3 en la tarde de hoy, reporta el Wrestling Observer.<\/p>\n","protected":false},"author":3,"featured_media":14835,"comment_status":"closed","ping_status":"closed","sticky":false,"template":"","format":"standard","meta":{"footnotes":""},"categories":[5],"tags":[],"class_list":{"0":"post-14834","1":"post","2":"type-post","3":"status-publish","4":"format-standard","5":"has-post-thumbnail","7":"category-noticias"},"_links":{"self":[{"href":"https:\/\/www.prwrestling.com\/nw\/wp-json\/wp\/v2\/posts\/14834","targetHints":{"allow":["GET"]}}],"collection":[{"href":"https:\/\/www.prwrestling.com\/nw\/wp-json\/wp\/v2\/posts"}],"about":[{"href":"https:\/\/www.prwrestling.com\/nw\/wp-json\/wp\/v2\/types\/post"}],"author":[{"embeddable":true,"href":"https:\/\/www.prwrestling.com\/nw\/wp-json\/wp\/v2\/users\/3"}],"replies":[{"embeddable":true,"href":"https:\/\/www.prwrestling.com\/nw\/wp-json\/wp\/v2\/comments?post=14834"}],"version-history":[{"count":12,"href":"https:\/\/www.prwrestling.com\/nw\/wp-json\/wp\/v2\/posts\/14834\/revisions"}],"predecessor-version":[{"id":14847,"href":"https:\/\/www.prwrestling.com\/nw\/wp-json\/wp\/v2\/posts\/14834\/revisions\/14847"}],"wp:featuredmedia":[{"embeddable":true,"href":"https:\/\/www.prwrestling.com\/nw\/wp-json\/wp\/v2\/media\/14835"}],"wp:attachment":[{"href":"https:\/\/www.prwrestling.com\/nw\/wp-json\/wp\/v2\/media?parent=14834"}],"wp:term":[{"taxonomy":"category","embeddable":true,"href":"https:\/\/www.prwrestling.com\/nw\/wp-json\/wp\/v2\/categories?post=14834"},{"taxonomy":"post_tag","embeddable":true,"href":"https:\/\/www.prwrestling.com\/nw\/wp-json\/wp\/v2\/tags?post=14834"}],"curies":[{"name":"wp","href":"https:\/\/api.w.org\/{rel}","templated":true}]}}