{"id":14900,"date":"2017-10-30T11:31:23","date_gmt":"2017-10-30T15:31:23","guid":{"rendered":"http:\/\/www.prwrestling.com\/nw\/?p=14900"},"modified":"2017-10-30T11:33:15","modified_gmt":"2017-10-30T15:33:15","slug":"the-undertaker-tiene-fecha-de-regreso-a-la-wwe","status":"publish","type":"post","link":"https:\/\/www.prwrestling.com\/nw\/the-undertaker-tiene-fecha-de-regreso-a-la-wwe\/","title":{"rendered":"The Undertaker tiene fecha de regreso a la WWE"},"content":{"rendered":"<p><a href=\"http:\/\/www.prwrestling.com\/nw\/wp-content\/uploads\/2016\/11\/undertaker.png\"><img loading=\"lazy\" decoding=\"async\" class=\"alignnone size-full wp-image-10855\" src=\"http:\/\/www.prwrestling.com\/nw\/wp-content\/uploads\/2016\/11\/undertaker.png\" alt=\"\" width=\"500\" height=\"320\" \/><\/a><\/p>\n<p><em>WWE est\u00e1 planeando un gran episodio de RAW para principios de a\u00f1o.<\/em><!--more--> <script async src=\"\/\/pagead2.googlesyndication.com\/pagead\/js\/adsbygoogle.js\"><\/script><br \/>\n<!-- 300 x 200 - rpeortajes --><br \/>\n<ins class=\"adsbygoogle\" style=\"display: inline-block; width: 300px; height: 250px;\" data-ad-client=\"ca-pub-4432518938189770\" data-ad-slot=\"8848533845\"><\/ins><br \/>\n<script>\n(adsbygoogle = window.adsbygoogle || []).push({});\n<\/script> El Monday Night RAW del 22 de enero de 2018, servir\u00e1 para promover el 25 aniversario del programa.<\/p>\n<p>WWE ha publicado detalles oficiales sobre el evento:<\/p>\n<p>Como inform\u00f3 por primera vez The New York Post, el 25 \u00b0 aniversario de Monday Night Raw emanar\u00e1 del Barclays Center y el Manhattan Center en la ciudad de Nueva York el lunes 22 de enero de 2018, y se transmitir\u00e1 en vivo. Los boletos estar\u00e1n disponibles a partir de este viernes, 3 de noviembre, a trav\u00e9s de todos los puntos de venta de Ticketmaster, www.ticketmaster.com o llamando al 1-800-745-3000.<\/p>\n<p>Las superestrellas de Monday Night Raw y SmackDown LIVE estar\u00e1n en Barclays Center, mientras que el evento en Manhattan Center, el sitio del primer episodio de Raw, contar\u00e1 con la participaci\u00f3n de ambas superestrellas WWE, adem\u00e1s de apariciones especiales de WWE Legends como The Undertaker, Shawn Michaels, Kevin Nash, entre otros. Los paquetes VIP, que incluye firma de aut\u00f3grafos y fotos, estar\u00e1n disponibles para los fan\u00e1ticos en el Manhattan Center.<\/p>\n<p>\u00bfQu\u00e9 momentos inolvidables suceder\u00e1n ya que el programa epis\u00f3dico semanal de mayor duraci\u00f3n en la historia televisiva en horario estelar de los Estados Unidos celebra su 25 aniversario desde dos lugares distintos? \u00a1Aver\u00edg\u00fcelo el 22 de enero, ya sea en persona o en la casa de Monday Night Raw, USA Network!<\/p>\n","protected":false},"excerpt":{"rendered":"<p>WWE est\u00e1 planeando un gran episodio de RAW para principios de a\u00f1o.<\/p>\n","protected":false},"author":1,"featured_media":10709,"comment_status":"closed","ping_status":"closed","sticky":false,"template":"","format":"standard","meta":{"footnotes":""},"categories":[5],"tags":[],"class_list":{"0":"post-14900","1":"post","2":"type-post","3":"status-publish","4":"format-standard","5":"has-post-thumbnail","7":"category-noticias"},"_links":{"self":[{"href":"https:\/\/www.prwrestling.com\/nw\/wp-json\/wp\/v2\/posts\/14900","targetHints":{"allow":["GET"]}}],"collection":[{"href":"https:\/\/www.prwrestling.com\/nw\/wp-json\/wp\/v2\/posts"}],"about":[{"href":"https:\/\/www.prwrestling.com\/nw\/wp-json\/wp\/v2\/types\/post"}],"author":[{"embeddable":true,"href":"https:\/\/www.prwrestling.com\/nw\/wp-json\/wp\/v2\/users\/1"}],"replies":[{"embeddable":true,"href":"https:\/\/www.prwrestling.com\/nw\/wp-json\/wp\/v2\/comments?post=14900"}],"version-history":[{"count":2,"href":"https:\/\/www.prwrestling.com\/nw\/wp-json\/wp\/v2\/posts\/14900\/revisions"}],"predecessor-version":[{"id":14904,"href":"https:\/\/www.prwrestling.com\/nw\/wp-json\/wp\/v2\/posts\/14900\/revisions\/14904"}],"wp:featuredmedia":[{"embeddable":true,"href":"https:\/\/www.prwrestling.com\/nw\/wp-json\/wp\/v2\/media\/10709"}],"wp:attachment":[{"href":"https:\/\/www.prwrestling.com\/nw\/wp-json\/wp\/v2\/media?parent=14900"}],"wp:term":[{"taxonomy":"category","embeddable":true,"href":"https:\/\/www.prwrestling.com\/nw\/wp-json\/wp\/v2\/categories?post=14900"},{"taxonomy":"post_tag","embeddable":true,"href":"https:\/\/www.prwrestling.com\/nw\/wp-json\/wp\/v2\/tags?post=14900"}],"curies":[{"name":"wp","href":"https:\/\/api.w.org\/{rel}","templated":true}]}}