{"id":15045,"date":"2017-12-07T12:39:26","date_gmt":"2017-12-07T17:39:26","guid":{"rendered":"http:\/\/www.prwrestling.com\/nw\/?p=15045"},"modified":"2017-12-07T12:39:26","modified_gmt":"2017-12-07T17:39:26","slug":"james-storm-habla-sobre-su-salida-de-tna-y-el-futuro-de-la-compania","status":"publish","type":"post","link":"https:\/\/www.prwrestling.com\/nw\/james-storm-habla-sobre-su-salida-de-tna-y-el-futuro-de-la-compania\/","title":{"rendered":"James Storm habla sobre su salida de TNA y el futuro de la compa\u00f1\u00eda"},"content":{"rendered":"<p><a href=\"http:\/\/www.prwrestling.com\/nw\/wp-content\/uploads\/2015\/10\/James-Storm.jpg\"><img loading=\"lazy\" decoding=\"async\" class=\"alignnone size-full wp-image-5325\" src=\"http:\/\/www.prwrestling.com\/nw\/wp-content\/uploads\/2015\/10\/James-Storm.jpg\" alt=\"\" width=\"500\" height=\"300\" \/><\/a><\/p>\n<p><em>James Storm recientemente hizo una entrevista con Cerrito Live y hay algunos puntos destacados<\/em><!--more--><\/p>\n<p>Sobre dejar a Impact Wrestling:<\/p>\n<p>&#8220;En realidad, no se ha [convertido] en oficial para m\u00ed, pero s\u00ed, dej\u00e9 Impact Wrestling y es solo una de esas cosas en las que sent\u00ed que hac\u00eda todo lo que pod\u00eda hacer por esa compa\u00f1\u00eda y su ambiente ha cambiado desde el momento en que estuve all\u00ed &#8220;. Storm continu\u00f3,&#8221; pero mucha gente quiere criticar el legado de Dixie [Carter] y Jeff [Jarrett] y todo eso, pero la raz\u00f3n por la que les agradezco a ellos y a Bob Ryder es porque b\u00e1sicamente, si no fuera por ellos, no habr\u00eda un &#8216;Cowboy&#8217; James Storm\u201d. <script async src=\"\/\/pagead2.googlesyndication.com\/pagead\/js\/adsbygoogle.js\"><\/script><br \/>\n<!-- 300 x 200 - rpeortajes --><br \/>\n<ins class=\"adsbygoogle\"\n     style=\"display:inline-block;width:300px;height:250px\"\n     data-ad-client=\"ca-pub-4432518938189770\"\n     data-ad-slot=\"8848533845\"><\/ins><br \/>\n<script>\n(adsbygoogle = window.adsbygoogle || []).push({});\n<\/script> Su adi\u00f3s promocional: &#8220;Oye, me fui, \u00bfa qui\u00e9n le importa si hay molestias? No, es solo una de esas cosas. Acabo de agarrar [el micr\u00f3fono] porque, si salgo, voy a salir por el camino que quiero. Me gustar\u00eda hacer la lucha como la quer\u00edan, pero al final del d\u00eda, cuando agarr\u00e9 ese micr\u00f3fono y dije lo que ten\u00eda que decir, fue desde el coraz\u00f3n. Y al estar tanto tiempo en la calle y viajando, quise decirle a mi esposa y a mis hijos: &#8216;hey, vuelvo a casa por un tiempo y pap\u00e1 pasa el tiempo contigo porque me estoy tomando tiempo libre, dejando que mi cuerpo se recupere, y luego regresar &#8220;. Y tambi\u00e9n, como dije, Dixie Carter, Jeff Jarrett y Bob Ryder, sin esos muchachos, muchos de los chicos que conoces ahora no estar\u00edan y nos dieron una plataforma bien buena&#8221;<\/p>\n<p>El futuro de la compa\u00f1\u00eda: &#8220;Desear\u00eda poder decir de cualquier manera y nunca le deseo mal a nadie y definitivamente no me gustar\u00eda nada malo en Impact Wrestling porque ya no estoy all\u00ed porque para m\u00ed, les da a los luchadores otro lugar para trabajar. Les da exposici\u00f3n a la televisi\u00f3n y todo eso. Y por lo que respecta a d\u00f3nde estar\u00e1n, no s\u00e9. Solo s\u00e9 que necesitan mucho trabajo en diferentes departamentos. Definitivamente no es el lado de la lucha porque los chicos lo est\u00e1n trayendo. As\u00ed que, afortunadamente, como dije, con suerte, estar\u00e1n por un tiempo, solo para darles a los muchachos otro lugar para trabajar y poder ganarse la vida &#8220;. <script async src=\"\/\/pagead2.googlesyndication.com\/pagead\/js\/adsbygoogle.js\"><\/script><br \/>\n<!-- 300 x 200 - rpeortajes --><br \/>\n<ins class=\"adsbygoogle\"\n     style=\"display:inline-block;width:300px;height:250px\"\n     data-ad-client=\"ca-pub-4432518938189770\"\n     data-ad-slot=\"8848533845\"><\/ins><br \/>\n<script>\n(adsbygoogle = window.adsbygoogle || []).push({});\n<\/script> <strong>Hacer que la empresa sea m\u00e1s comercializable:<\/strong> &#8220;Empieza desde la cabeza de la serpiente y eso es Anthem. Necesitan hacer cambios para que sea m\u00e1s comercializable. Eso es lo que siempre dije, &#8216;\u00bfqu\u00e9 hubiera pasado si en lugar de Anthem, WWE se hubiera apoderado de [Impact] y lo hubiera puesto en la red e hiciera algo [como] NXT versus TNA o algo as\u00ed o como se llame?&#8221;.<\/p>\n","protected":false},"excerpt":{"rendered":"<p>James Storm recientemente hizo una entrevista con Cerrito Live y hay algunos puntos destacados<\/p>\n","protected":false},"author":1,"featured_media":5431,"comment_status":"closed","ping_status":"closed","sticky":false,"template":"","format":"standard","meta":{"footnotes":""},"categories":[5],"tags":[],"class_list":{"0":"post-15045","1":"post","2":"type-post","3":"status-publish","4":"format-standard","5":"has-post-thumbnail","7":"category-noticias"},"_links":{"self":[{"href":"https:\/\/www.prwrestling.com\/nw\/wp-json\/wp\/v2\/posts\/15045","targetHints":{"allow":["GET"]}}],"collection":[{"href":"https:\/\/www.prwrestling.com\/nw\/wp-json\/wp\/v2\/posts"}],"about":[{"href":"https:\/\/www.prwrestling.com\/nw\/wp-json\/wp\/v2\/types\/post"}],"author":[{"embeddable":true,"href":"https:\/\/www.prwrestling.com\/nw\/wp-json\/wp\/v2\/users\/1"}],"replies":[{"embeddable":true,"href":"https:\/\/www.prwrestling.com\/nw\/wp-json\/wp\/v2\/comments?post=15045"}],"version-history":[{"count":1,"href":"https:\/\/www.prwrestling.com\/nw\/wp-json\/wp\/v2\/posts\/15045\/revisions"}],"predecessor-version":[{"id":15047,"href":"https:\/\/www.prwrestling.com\/nw\/wp-json\/wp\/v2\/posts\/15045\/revisions\/15047"}],"wp:featuredmedia":[{"embeddable":true,"href":"https:\/\/www.prwrestling.com\/nw\/wp-json\/wp\/v2\/media\/5431"}],"wp:attachment":[{"href":"https:\/\/www.prwrestling.com\/nw\/wp-json\/wp\/v2\/media?parent=15045"}],"wp:term":[{"taxonomy":"category","embeddable":true,"href":"https:\/\/www.prwrestling.com\/nw\/wp-json\/wp\/v2\/categories?post=15045"},{"taxonomy":"post_tag","embeddable":true,"href":"https:\/\/www.prwrestling.com\/nw\/wp-json\/wp\/v2\/tags?post=15045"}],"curies":[{"name":"wp","href":"https:\/\/api.w.org\/{rel}","templated":true}]}}